{"id":6621,"date":"2022-04-07T11:19:38","date_gmt":"2022-04-07T11:19:38","guid":{"rendered":"https:\/\/www.icip.cat\/perlapau\/issue\/%issue_post%\/article\/europa-es-fractura-politiques-vs-opinio-publica\/"},"modified":"2022-04-07T11:19:38","modified_gmt":"2022-04-07T11:19:38","slug":"europa-es-fractura-politiques-vs-opinio-publica","status":"publish","type":"article","link":"https:\/\/www.icip.cat\/perlapau\/article\/europa-es-fractura-politiques-vs-opinio-publica\/","title":{"rendered":"Europa es fractura. Pol\u00edtiques vs. opini\u00f3 p\u00fablica"},"content":{"rendered":"\n<p>                <span id=\"square\"><\/span>                <span id=\"first-word\">L\u2019agost del 2015, la cancellera alemanya Angela Merkel<\/span> va denunciar que la normativa de Dubl\u00edn \u201cno funciona\u201d i que calia \u201cuna resposta comuna per a tota Europa\u201d davant l\u2019arribada de refugiats a territori comunitari. Poc despr\u00e9s era el comissari europeu de Migracions, Dimitris Avram\u00f3pulos, qui declarava que \u201cel vell Dubl\u00edn ha mort\u201d. Tot i aix\u00f2, la Uni\u00f3 Europea (UE) continua, a dia d\u2019avui, incapa\u00e7 d\u2019articular una veritable pol\u00edtica comuna d\u2019asil. La resposta europea als centenars de milers de persones que s\u2019han jugat la vida per intentar arribar a territori comunitari ha estat marcada per la urg\u00e8ncia, la unilateralitat i els discursos populistes. Mai com ara hi ha hagut una abs\u00e8ncia de lideratge tan clara a la Uni\u00f3. La cancellera alemanya ha perdut el consens que l\u2019havia erigit en el poder hegem\u00f2nic de la UE. Fins i tot en els pitjors moments de la crisi econ\u00f2mica i financera, mentre l\u2019eurozona es partia en dues meitats desiguals de pa\u00efsos deutors i creditors, Merkel sempre va comptar amb un grup redu\u00eft de governs que assumien i defensaven les seves pol\u00edtiques d\u2019austeritat, alguns fins i tot amb m\u00e9s vehem\u00e8ncia que la pr\u00f2pia cancellera. En canvi, la decisi\u00f3 de Berl\u00edn, l\u2019estiu del 2015, d\u2019obrir les portes a l\u2019arribada de refugiats de la guerra de S\u00edria, esperant que la majoria de socis europeus actuarien en conseq\u00fc\u00e8ncia i es solidaritzarien amb el gest alemany, va acabar a\u00efllant Merkel, debilitada a casa i a la Uni\u00f3. I, en conseq\u00fc\u00e8ncia, no hi ha hagut resposta europea. <\/p>\n<p> Mentre els discursos pol\u00edtics parlaven, en el millor dels casos, de \u201ccrisi migrat\u00f2ria\u201d o \u201ccrisi humanit\u00e0ria\u201d, quan no es tractava directament de l\u2019argumentaci\u00f3 de la dreta populista que s\u2019ha acabat imposant fins i tot en pa\u00efsos amb una llarga tradici\u00f3 d\u2019acollida, un nou mur es va anar aixecant a la Uni\u00f3 Europea. I l\u2019han aixecat, precisament, aquells que van ser els primers a fer caure el Tel\u00f3 d\u2019Acer. Hongria va tancar fronteres amb barreres de filferro i cables tallants per \u201caturar la invasi\u00f3\u201d i \u201cla delinq\u00fc\u00e8ncia\u201d i preservar \u201cels valors cristians d\u2019Europa\u201d. Des del juliol, una nova llei autoritza les expulsions sumarials d\u2019immigrants, que s\u00f3n traslladats a la frontera sense que ni tan sols s\u2019estudi\u00efn els seus casos. Noves patrulles s\u2019han desplegat al llarg de les tanques constru\u00efdes als l\u00edmits d\u2019Hongria amb S\u00e8rbia i Cro\u00e0cia en una aut\u00e8ntica cacera a l\u2019home.  <\/p>\n<p>            <cite class=\"cita-right\">                                La resposta europea als centenars de milers de persones que s\u2019han jugat la vida per intentar arribar a territori comunitari ha estat marcada per la urg\u00e8ncia, la unilateralitat i els discursos populistes             <\/cite>            <\/p>\n<p> La divisi\u00f3 entre estats membres de la UE va portar tamb\u00e9 a la reinstauraci\u00f3 temporal de controls fronterers que deixaven en suspens l\u2019Acord de Schengen per a la lliure circulaci\u00f3 de persones. La Comissi\u00f3 Europea es va quedar sola defensant un pla de reallotjament de 160.000 refugiats entre tots els pa\u00efsos membres que no s\u2019ha pogut aplicar per l\u2019oposici\u00f3 d\u2019alguns estats. Sis pa\u00efsos es reparteixen avui la major part de les nom\u00e9s 5.651 persones reallotjades fins ara, segons xifres publicades per l\u2019executiu comunitari a finals de setembre. Al L\u00edban -un pa\u00eds de poc m\u00e9s de sis milions d\u2019habitants- hi ha en aquests moments 1.200.000 refugiats sirians, el 70% dels quals viuen sota el llindar de la pobresa, segons l\u2019ACNUR. La Uni\u00f3 Europea, que s\u2019enfronta nom\u00e9s a una \u00ednfima part del conjunt de la crisi humanit\u00e0ria que suposen els 60 milions de despla\u00e7ats que hi ha al m\u00f3n, ha vist com trontollaven alguns dels seus pilars fonamentals, com la llibertat de moviment, quan ha hagut d\u2019articular una resposta conjunta a l\u2019emerg\u00e8ncia.\u00a0  <\/p>\n<p> Quina ha estat la soluci\u00f3 comunit\u00e0ria? Externalitzar responsabilitats pol\u00edtiques i humanit\u00e0ries. Brussel\u00b7les va optar per posar-se en mans d\u2019una Turquia allunyada, cada cop m\u00e9s, dels est\u00e0ndards democr\u00e0tics i que, a canvi de 3.000 milions d\u2019euros, es comprometia a acceptar el retorn dels migrants que arribessin a la costa grega. Un tracte que Amnistia Internacional va qualificar de \u201ccop hist\u00f2ric als drets humans\u201d per\u00f2 que la UE no ha tingut cap problema de replicar en el recent acord firmat amb l\u2019Afganistan per a la deportaci\u00f3 de migrants i demandants d\u2019asil que no aconsegueixin regularitzar la seva situaci\u00f3 i que es veurien obligats a tornar a un pa\u00eds que viu una guerra civil encoberta. Les ONG de la regi\u00f3 han advertit que el retorn for\u00e7at de centenars de milers d\u2019afganesos, que ja ha comen\u00e7at des del Pakistan, pot provocar una crisi humanit\u00e0ria greu i m\u00e9s inestabilitat pol\u00edtica a les zones frontereres del sud del pa\u00eds.  <\/p>\n<p>             <cite class=\"cita-right\">                                El mar Mediterrani \u00e9s la frontera del m\u00f3n m\u00e9s perillosa de travessar; la responsabilitat europea en les morts a la Mediterr\u00e0nia \u00e9s innegable             <\/cite>                   <\/p>\n<p> <b>Preocupaci\u00f3 i comprom\u00eds<\/b>  <\/p>\n<p> A l\u2019\u00faltim Eurobar\u00f2metre de primavera<a href=\"articles_centrals\/article_central_1\/#ref\"><sup>1<\/sup><\/a>, presentat per la Comissi\u00f3 Europea, la immigraci\u00f3 es mantenia com la principal preocupaci\u00f3 per un 48% dels ciutadans de la UE (10 punts per sota que en l\u2019onada anterior, de finals de 2015), seguit del terrorisme (39%).Tot i aix\u00f2, una gran majoria d\u2019europeus (67%) es mostraven partidaris d\u2019una pol\u00edtica comuna d\u2019immigraci\u00f3 a la Uni\u00f3. Si els estonians (amb un 73%), els danesos (amb un 71%) i els xecs, letons i hongaresos (67%) eren, segons l\u2019Eurobar\u00f2metre, els qui m\u00e9s percebien la immigraci\u00f3 com un problema, els espanyols (34%) i portuguesos (17%) eren els qui menys. No obstant, la constataci\u00f3 de la preocupaci\u00f3 no vol dir que no hi hagi voluntat d\u2019implicaci\u00f3. El maig passat, Amnistia Internacional publicava el seu nou \u00cdndex de Benvinguda als Refugiats <a href=\"articles_centrals\/article_central_1\/#ref\"><sup>2<\/sup><\/a>, que revelava com les pol\u00edtiques governamentals no sempre sintonitzen amb l\u2019opini\u00f3 p\u00fablica. Segons aquest estudi, una de cada deu persones arreu del m\u00f3n acolliria una persona refugiada a casa seva. El percentatge s\u2019eleva fins al 29% al Regne Unit i el 20% a Gr\u00e8cia i, en canvi, \u00e9s nom\u00e9s del 3 % a Pol\u00f2nia. El suport a l\u2019acc\u00e9s a l\u2019asil \u00e9s especialment intens a Espanya (el 78% hi est\u00e0 molt d\u2019acord), Alemanya (69% molt d\u2019acord) i Gr\u00e8cia (64% molt d\u2019acord). En general, una gran majoria dels enquestats voldrien que el seu govern fes m\u00e9s per ajudar a les persones refugiades. L\u2019\u00cdndex posava al descobert \u201cla vergonyosa manera en qu\u00e8 els governs han jugat amb la vida de persones que fugen de la guerra i la repressi\u00f3 adoptant pol\u00edtiques a curt termini\u201d -assegurava el secretari general d\u2019Amnistia Internacional, Salil Shetty-, per\u00f2 tamb\u00e9 la disparitat d\u2019opinions que fracturen internament una UE dividida per les diferents pol\u00edtiques d\u2019immigraci\u00f3 i asil.  <\/p>\n<p>            <cite class=\"cita-right\">                                L\u2019\u00cdndex de Benvinguda als Refugiats d\u2019AI revela com les pol\u00edtiques governamentals no sempre sintonitzen amb l\u2019opini\u00f3 p\u00fablica             <\/cite>            <\/p>\n<p> El mar Mediterrani \u00e9s, segons un informe de l\u2019Organitzaci\u00f3 Internacional per a les Migracions, la frontera del m\u00f3n m\u00e9s perillosa de travessar i la responsabilitat europea en aquestes morts \u00e9s innegable. La incapacitat de reaccionar amb contund\u00e8ncia davant una trag\u00e8dia que ja fa anys que dura, la garreperia de discutir fons i recursos per a les operacions de salvament al Mediterrani, la indifer\u00e8ncia demostrada en cada crit d\u2019ajuda del govern itali\u00e0 o grec en els \u00faltims temps, les condicions inhumanes de molts centres d\u2019acollida i d\u2019internament, i la insist\u00e8ncia en el discurs de la seguretat en lloc d\u2019apostar per regles d\u2019acollida compartides, s\u00f3n part d\u2019aquest frac\u00e0s europeu.  <\/p>\n<p id=\"ref\" class=\"referencia first-reference\"> 1. <a href=\"http:\/\/europa.eu\/rapid\/press-release_IP-16-2665_en.htm\">Eurobar\u00f2metre<\/a> realitzat per la Comissi\u00f3 Europea. <\/p>\n<p id=\"ref\" class=\"referencia second-reference\"> 2. Resum de <a href=\"http:\/\/www.amnistiacatalunya.org\/paginas\/noticies\/noticies\/articulo\/el-nou-index-de-benvinguda-als-refugiats-revela-que-les-politiques-governamentals-sobre-refugiats\/\">l\u2019\u00cdndex de Benvinguda als Refugiats<\/a> publicat per Amnistia Internacional. <\/p>\n<p class=\"foto\"> <a target=\"_blank\" href=\"https:\/\/www.flickr.com\/photos\/irenecolell\/25913990185\/in\/album-72157665558542020\/\" rel=\"noopener\">\tPhotography (CC)\t<\/a>\t: Irene Colell Fotografia\t <\/p>\n<p class=\"gencat\">\u00a9 Generalitat de Catalunya<\/p>\n","protected":false},"featured_media":6654,"menu_order":2,"template":"","categories":[6],"class_list":["post-6621","article","type-article","status-publish","has-post-thumbnail","hentry","category-articles-centrals"],"acf":[],"yoast_head":"<!-- This site is optimized with the Yoast SEO plugin v25.6 - https:\/\/yoast.com\/wordpress\/plugins\/seo\/ -->\n<title>Europa es fractura. Pol\u00edtiques vs. opini\u00f3 p\u00fablica - Revista Per la Pau<\/title>\n<meta name=\"robots\" content=\"index, follow, max-snippet:-1, max-image-preview:large, max-video-preview:-1\" \/>\n<link rel=\"canonical\" href=\"https:\/\/www.icip.cat\/perlapau\/article\/europa-es-fractura-politiques-vs-opinio-publica\/\" \/>\n<meta property=\"og:locale\" content=\"ca_ES\" \/>\n<meta property=\"og:type\" content=\"article\" \/>\n<meta property=\"og:title\" content=\"Europa es fractura. Pol\u00edtiques vs. opini\u00f3 p\u00fablica - Revista Per la Pau\" \/>\n<meta property=\"og:description\" content=\"L\u2019agost del 2015, la cancellera alemanya Angela Merkel va denunciar que la normativa de Dubl\u00edn \u201cno funciona\u201d i que calia \u201cuna resposta comuna per a tota Europa\u201d davant l\u2019arribada de refugiats a territori comunitari. Poc despr\u00e9s era el comissari europeu de Migracions, Dimitris Avram\u00f3pulos, qui declarava que \u201cel vell Dubl\u00edn ha mort\u201d. Tot i aix\u00f2, [&hellip;]\" \/>\n<meta property=\"og:url\" content=\"https:\/\/www.icip.cat\/perlapau\/article\/europa-es-fractura-politiques-vs-opinio-publica\/\" \/>\n<meta property=\"og:site_name\" content=\"Revista Per la Pau\" \/>\n<meta property=\"og:image\" content=\"https:\/\/www.icip.cat\/perlapau\/wp-content\/uploads\/2022\/04\/article_central_1_2560-10-518x720.jpg\" \/>\n\t<meta property=\"og:image:width\" content=\"518\" \/>\n\t<meta property=\"og:image:height\" content=\"720\" \/>\n\t<meta property=\"og:image:type\" content=\"image\/jpeg\" \/>\n<meta name=\"twitter:card\" content=\"summary_large_image\" \/>\n<meta name=\"twitter:label1\" content=\"Temps estimat de lectura\" \/>\n\t<meta name=\"twitter:data1\" content=\"7 minuts\" \/>\n<script type=\"application\/ld+json\" class=\"yoast-schema-graph\">{\"@context\":\"https:\/\/schema.org\",\"@graph\":[{\"@type\":\"WebPage\",\"@id\":\"https:\/\/www.icip.cat\/perlapau\/article\/europa-es-fractura-politiques-vs-opinio-publica\/\",\"url\":\"https:\/\/www.icip.cat\/perlapau\/article\/europa-es-fractura-politiques-vs-opinio-publica\/\",\"name\":\"Europa es fractura. Pol\u00edtiques vs. opini\u00f3 p\u00fablica - Revista Per la Pau\",\"isPartOf\":{\"@id\":\"https:\/\/www.icip.cat\/perlapau\/#website\"},\"primaryImageOfPage\":{\"@id\":\"https:\/\/www.icip.cat\/perlapau\/article\/europa-es-fractura-politiques-vs-opinio-publica\/#primaryimage\"},\"image\":{\"@id\":\"https:\/\/www.icip.cat\/perlapau\/article\/europa-es-fractura-politiques-vs-opinio-publica\/#primaryimage\"},\"thumbnailUrl\":\"https:\/\/www.icip.cat\/perlapau\/wp-content\/uploads\/2022\/04\/article_central_1_2560-10.jpg\",\"datePublished\":\"2022-04-07T11:19:38+00:00\",\"inLanguage\":\"ca\",\"potentialAction\":[{\"@type\":\"ReadAction\",\"target\":[\"https:\/\/www.icip.cat\/perlapau\/article\/europa-es-fractura-politiques-vs-opinio-publica\/\"]}]},{\"@type\":\"ImageObject\",\"inLanguage\":\"ca\",\"@id\":\"https:\/\/www.icip.cat\/perlapau\/article\/europa-es-fractura-politiques-vs-opinio-publica\/#primaryimage\",\"url\":\"https:\/\/www.icip.cat\/perlapau\/wp-content\/uploads\/2022\/04\/article_central_1_2560-10.jpg\",\"contentUrl\":\"https:\/\/www.icip.cat\/perlapau\/wp-content\/uploads\/2022\/04\/article_central_1_2560-10.jpg\",\"width\":1152,\"height\":1600},{\"@type\":\"WebSite\",\"@id\":\"https:\/\/www.icip.cat\/perlapau\/#website\",\"url\":\"https:\/\/www.icip.cat\/perlapau\/\",\"name\":\"Revista Per la Pau\",\"description\":\"La revista de l&#039;Institut Catal\u00e0 Internacional per la Pau\",\"publisher\":{\"@id\":\"https:\/\/www.icip.cat\/perlapau\/#organization\"},\"potentialAction\":[{\"@type\":\"SearchAction\",\"target\":{\"@type\":\"EntryPoint\",\"urlTemplate\":\"https:\/\/www.icip.cat\/perlapau\/?s={search_term_string}\"},\"query-input\":{\"@type\":\"PropertyValueSpecification\",\"valueRequired\":true,\"valueName\":\"search_term_string\"}}],\"inLanguage\":\"ca\"},{\"@type\":\"Organization\",\"@id\":\"https:\/\/www.icip.cat\/perlapau\/#organization\",\"name\":\"Revista Per la Pau\",\"url\":\"https:\/\/www.icip.cat\/perlapau\/\",\"logo\":{\"@type\":\"ImageObject\",\"inLanguage\":\"ca\",\"@id\":\"https:\/\/www.icip.cat\/perlapau\/#\/schema\/logo\/image\/\",\"url\":\"https:\/\/www.icip.cat\/perlapau\/wp-content\/uploads\/2023\/04\/ICIP_logo.jpg\",\"contentUrl\":\"https:\/\/www.icip.cat\/perlapau\/wp-content\/uploads\/2023\/04\/ICIP_logo.jpg\",\"width\":1025,\"height\":1024,\"caption\":\"Revista Per la Pau\"},\"image\":{\"@id\":\"https:\/\/www.icip.cat\/perlapau\/#\/schema\/logo\/image\/\"}}]}<\/script>\n<!-- \/ Yoast SEO plugin. -->","yoast_head_json":{"title":"Europa es fractura. Pol\u00edtiques vs. opini\u00f3 p\u00fablica - Revista Per la Pau","robots":{"index":"index","follow":"follow","max-snippet":"max-snippet:-1","max-image-preview":"max-image-preview:large","max-video-preview":"max-video-preview:-1"},"canonical":"https:\/\/www.icip.cat\/perlapau\/article\/europa-es-fractura-politiques-vs-opinio-publica\/","og_locale":"ca_ES","og_type":"article","og_title":"Europa es fractura. Pol\u00edtiques vs. opini\u00f3 p\u00fablica - Revista Per la Pau","og_description":"L\u2019agost del 2015, la cancellera alemanya Angela Merkel va denunciar que la normativa de Dubl\u00edn \u201cno funciona\u201d i que calia \u201cuna resposta comuna per a tota Europa\u201d davant l\u2019arribada de refugiats a territori comunitari. Poc despr\u00e9s era el comissari europeu de Migracions, Dimitris Avram\u00f3pulos, qui declarava que \u201cel vell Dubl\u00edn ha mort\u201d. Tot i aix\u00f2, [&hellip;]","og_url":"https:\/\/www.icip.cat\/perlapau\/article\/europa-es-fractura-politiques-vs-opinio-publica\/","og_site_name":"Revista Per la Pau","og_image":[{"width":518,"height":720,"url":"https:\/\/www.icip.cat\/perlapau\/wp-content\/uploads\/2022\/04\/article_central_1_2560-10-518x720.jpg","type":"image\/jpeg"}],"twitter_card":"summary_large_image","twitter_misc":{"Temps estimat de lectura":"7 minuts"},"schema":{"@context":"https:\/\/schema.org","@graph":[{"@type":"WebPage","@id":"https:\/\/www.icip.cat\/perlapau\/article\/europa-es-fractura-politiques-vs-opinio-publica\/","url":"https:\/\/www.icip.cat\/perlapau\/article\/europa-es-fractura-politiques-vs-opinio-publica\/","name":"Europa es fractura. Pol\u00edtiques vs. opini\u00f3 p\u00fablica - Revista Per la Pau","isPartOf":{"@id":"https:\/\/www.icip.cat\/perlapau\/#website"},"primaryImageOfPage":{"@id":"https:\/\/www.icip.cat\/perlapau\/article\/europa-es-fractura-politiques-vs-opinio-publica\/#primaryimage"},"image":{"@id":"https:\/\/www.icip.cat\/perlapau\/article\/europa-es-fractura-politiques-vs-opinio-publica\/#primaryimage"},"thumbnailUrl":"https:\/\/www.icip.cat\/perlapau\/wp-content\/uploads\/2022\/04\/article_central_1_2560-10.jpg","datePublished":"2022-04-07T11:19:38+00:00","inLanguage":"ca","potentialAction":[{"@type":"ReadAction","target":["https:\/\/www.icip.cat\/perlapau\/article\/europa-es-fractura-politiques-vs-opinio-publica\/"]}]},{"@type":"ImageObject","inLanguage":"ca","@id":"https:\/\/www.icip.cat\/perlapau\/article\/europa-es-fractura-politiques-vs-opinio-publica\/#primaryimage","url":"https:\/\/www.icip.cat\/perlapau\/wp-content\/uploads\/2022\/04\/article_central_1_2560-10.jpg","contentUrl":"https:\/\/www.icip.cat\/perlapau\/wp-content\/uploads\/2022\/04\/article_central_1_2560-10.jpg","width":1152,"height":1600},{"@type":"WebSite","@id":"https:\/\/www.icip.cat\/perlapau\/#website","url":"https:\/\/www.icip.cat\/perlapau\/","name":"Revista Per la Pau","description":"La revista de l&#039;Institut Catal\u00e0 Internacional per la Pau","publisher":{"@id":"https:\/\/www.icip.cat\/perlapau\/#organization"},"potentialAction":[{"@type":"SearchAction","target":{"@type":"EntryPoint","urlTemplate":"https:\/\/www.icip.cat\/perlapau\/?s={search_term_string}"},"query-input":{"@type":"PropertyValueSpecification","valueRequired":true,"valueName":"search_term_string"}}],"inLanguage":"ca"},{"@type":"Organization","@id":"https:\/\/www.icip.cat\/perlapau\/#organization","name":"Revista Per la Pau","url":"https:\/\/www.icip.cat\/perlapau\/","logo":{"@type":"ImageObject","inLanguage":"ca","@id":"https:\/\/www.icip.cat\/perlapau\/#\/schema\/logo\/image\/","url":"https:\/\/www.icip.cat\/perlapau\/wp-content\/uploads\/2023\/04\/ICIP_logo.jpg","contentUrl":"https:\/\/www.icip.cat\/perlapau\/wp-content\/uploads\/2023\/04\/ICIP_logo.jpg","width":1025,"height":1024,"caption":"Revista Per la Pau"},"image":{"@id":"https:\/\/www.icip.cat\/perlapau\/#\/schema\/logo\/image\/"}}]}},"_links":{"self":[{"href":"https:\/\/www.icip.cat\/perlapau\/wp-json\/wp\/v2\/article\/6621","targetHints":{"allow":["GET"]}}],"collection":[{"href":"https:\/\/www.icip.cat\/perlapau\/wp-json\/wp\/v2\/article"}],"about":[{"href":"https:\/\/www.icip.cat\/perlapau\/wp-json\/wp\/v2\/types\/article"}],"wp:featuredmedia":[{"embeddable":true,"href":"https:\/\/www.icip.cat\/perlapau\/wp-json\/wp\/v2\/media\/6654"}],"wp:attachment":[{"href":"https:\/\/www.icip.cat\/perlapau\/wp-json\/wp\/v2\/media?parent=6621"}],"wp:term":[{"taxonomy":"category","embeddable":true,"href":"https:\/\/www.icip.cat\/perlapau\/wp-json\/wp\/v2\/categories?post=6621"}],"curies":[{"name":"wp","href":"https:\/\/api.w.org\/{rel}","templated":true}]}}