{"id":6626,"date":"2022-04-07T11:19:39","date_gmt":"2022-04-07T11:19:39","guid":{"rendered":"https:\/\/www.icip.cat\/perlapau\/issue\/%issue_post%\/article\/materials-i-recursos-dinteres-recomanats-per-licip-11\/"},"modified":"2022-04-07T11:19:39","modified_gmt":"2022-04-07T11:19:39","slug":"materials-i-recursos-dinteres-recomanats-per-licip-11","status":"publish","type":"article","link":"https:\/\/www.icip.cat\/perlapau\/article\/materials-i-recursos-dinteres-recomanats-per-licip-11\/","title":{"rendered":"Materials i recursos d\u2019inter\u00e8s recomanats per l\u2019ICIP"},"content":{"rendered":"\n<p class=\"recomendation\" id=\"reco_1\">            \t            \t<b>\t            \tAcci\u00f3<br \/>\t\t\t\t\t<span><em>Qu\u00e8 estan fent les ONG catalanes per a les persones refugiades?<\/em><\/span>            \t<\/b>            <\/p>\n<p>Lafede.cat \u2013 organitzacions per a la just\u00edcia global \u00e9s una xarxa de m\u00e9s d\u2019un centenar d\u2019entitats catalanes que treballa per aconseguir la just\u00edcia social i l\u2019eradicaci\u00f3 de les desigualtats mitjan\u00e7ant la cooperaci\u00f3 al desenvolupament, la defensa i promoci\u00f3 dels drets humans i el foment de la pau. Moltes de les ONG que hi estan afiliades estan directament implicades en projectes a S\u00edria, als camps de refugiades dels pa\u00efsos lim\u00edtrofs, als pa\u00efsos de tr\u00e0nsit o en l\u2019acollida de persones refugiades a Catalunya. Tamb\u00e9 hi ha organitzacions que s\u2019ocupen d\u2019informar sobre aquesta crisi i les seves causes, identificar responsabilitats i proposar solucions.<\/p>\n<p>Lafede.cat ha fet un <a target=\"_blank\" href=\"http:\/\/www.lafede.cat\/crisi-dels-refugiats\/\" rel=\"noopener\">recull<\/a> de les diferents accions que estan duent a terme aquestes ONG, indicant les maneres de donar-hi suport. Aquest recull, inicialment elaborat l\u2019any 2015, ha estat actualitzat al llarg d\u2019octubre 2016.<\/p>\n<p>Lafede.cat tamb\u00e9 proposa altres maneres d\u2019ajudar a les persones refugiades. Subratlla la import\u00e0ncia de l\u2019educaci\u00f3 en la solidaritat i ofereix orientacions per abordar la crisi dels refugiats en l\u2019\u00e0mbit educatiu.<\/p>\n<p class=\"recomendation\" id=\"reco_2\">                                <b>                    Informe<br \/>                    <span><em>Les persones refugiades a Espanya i Europa (CEAR)<\/em><\/span>                <\/b>            <\/p>\n<p>Aquest \u00e9s el 14\u00e8 <a target=\"_blank\" href=\"http:\/\/www.ccar.cat\/wp-content\/uploads\/2016\/06\/Informe-2016.pdf\" rel=\"noopener\">informe anual<\/a> que publica la Comisi\u00f3n Espa\u00f1ola de Ayuda al Refugiado (CEAR) per informar sobre la situaci\u00f3 de les persones refugiades al m\u00f3n, a la Uni\u00f3 Europea i a Espanya. Les xifres que aporta s\u00f3n poc esperan\u00e7adores. Recorda que segons l\u2019ACNUR, l\u2019any 2015 es va superar la xifra de 59,5 milions de persones que han sigut despla\u00e7ades for\u00e7osament de les seves llars a conseq\u00fc\u00e8ncia de la viol\u00e8ncia i les violacions dels drets humans. Tamb\u00e9 recorda que malgrat les mobilitzacions socials, els governs europeus no han complert amb el comprom\u00eds de reassentar 180.000 persones refugiades.<\/p>\n<p>Pel que fa l\u2019Estat espanyol, CEAR informa que el 2015 Espanya va rebre unes 15.000 sol\u00b7licituds d\u2019asil (l\u2019any 2014 no van arribar a les 6.000), una xifra molt baixa que representa l\u20191% de totes les sol\u00b7licituds d\u2019asil registrades en el conjunt dels 28 pa\u00efsos de la UE. Espanya tampoc destaca per ser un pa\u00eds gener\u00f3s a l\u2019hora de concedir l\u2019estatut de refugiat. L\u2019any 2015, nom\u00e9s el van rebre 220 persones; 800 altres van rebre protecci\u00f3 subsidi\u00e0ria; i 68,5% dels expedients resolts van suposar una denegaci\u00f3 de qualsevol tipus de protecci\u00f3.<\/p>\n<p>Les dades i arguments que ofereix aquest informe s\u00f3n una eina de gran utilitat per a investigadors i activistes. L\u2019informe proposa a m\u00e9s a m\u00e9s una s\u00e8rie de mesures pensades per a millorar les pol\u00edtiques migrat\u00f2ries i oferir m\u00e9s garanties a les persones que busquen refugi. Aporta tamb\u00e9 una interessant reflexi\u00f3 sobre la reacci\u00f3 solid\u00e0ria ciutadana, diferenciant-la de la caritat moment\u00e0nia.<\/p>\n<p>Al web de la Comissi\u00f3 Catalana d\u2019Ajuda al Refugiat es pot trobar un <a target=\"_blank\" href=\"http:\/\/www.ccar.cat\/wp-content\/uploads\/2016\/06\/resum_executiu_2016_cat.pdf\" rel=\"noopener\">resum executiu<\/a> de l\u2019informe tradu\u00eft al catal\u00e0.<\/p>\n<p class=\"recomendation\" id=\"reco_3\">                                <b>                    Acci\u00f3<br \/>                    <span><em>Els corredors humanitaris<\/em><\/span>                <\/b>            <\/p>\n<p>Amb l\u2019objectiu d\u2019evitar m\u00e9s morts al mar i protegir les persones exiliades de les xarxes de traficants, grups cat\u00f2lics i protestants han llan\u00e7at, en coordinaci\u00f3 amb el govern itali\u00e0, la iniciativa <a target=\"_blank\" href=\"http:\/\/www.santegidio.org\/pageID\/11676\/Corridoi-umanitari.html\" rel=\"noopener\">\u201cCorridoi umanitari\u201d<\/a> (Corredors humanitaris). Es tracta d\u2019un instrument pensat per oferir vies segures i legals a fam\u00edlies refugiades a S\u00edria en el seu viatge cap a It\u00e0lia.<\/p>\n<p>La selecci\u00f3 de persones que se\u2019n poden beneficiar es fa en base a una s\u00e8rie d\u2019entrevistes realitzades en camps de refugiats ubicats al L\u00edban. Es valora la situaci\u00f3 de vulnerabilitat d\u2019acord amb criteris com el fet d\u2019haver patit directament la persecuci\u00f3 o els efectes de la guerra; ser dona i, especialment, dona embarassada o mare soltera; ser un menor d\u2019edat no acompanyat; haver estat ja identificat com a refugiat <em>prima facie<\/em> o tenir necessitats m\u00e8diques greus que no poden ser tractades <em>in situ<\/em>.<\/p>\n<p>El govern itali\u00e0 s\u2019ha comprom\u00e8s a facilitar fins a mil arribades en dos anys a trav\u00e9s d\u2019aquest mecanisme. Malgrat el nombre limitat de persones que s\u2019hi podran acollir, \u00e9s un projecte innovador i amb un gran potencial. Amb un m\u00ednim de voluntat pol\u00edtica, podria replicar-se en altres pa\u00efsos europeus. A B\u00e8lgica tamb\u00e9 s\u2019ha posat en marxa la iniciativa \u201cUn visa, une vie\u201d amb la mateixa filosofia, per\u00f2 en dimensions molt menors. Per la seva part, el govern canadenc tamb\u00e9 est\u00e0 duent un programa similar, amb l\u2019emissi\u00f3 de visats humanitaris per a persones que fugen del conflicte armat.<\/p>\n<p>Per a m\u00e9s informaci\u00f3 sobre aquesta proposta de vies segures, recomanem aquest <a target=\"_blank\" href=\"http:\/\/www.france24.com\/en\/20160524-focus-lebanon-italy-sant-egidio-humanitarian-corridor-syrian-refugees\" rel=\"noopener\">reportatge<\/a> de France 24 (en angl\u00e8s).<\/p>\n<p class=\"recomendation\" id=\"reco_4\">                                <b>                    Pel\u00b7l\u00edcula<br \/>                    <span><em>Io sto con la sposa<\/em><\/span>                <\/b>            <\/p>\n<p>El documental <a target=\"_blank\" href=\"http:\/\/www.iostoconlasposa.com\/\" rel=\"noopener\"><em>Io sto con la sposa<\/em><\/a> relata el viatge d\u2019un grup de refugiats sirians i palestins que volen arribar a Su\u00e8cia des d\u2019It\u00e0lia. Ho fan en companyia d\u2019un grup d\u2019italians i amb la complicitat de persones que els allotjaran a Fran\u00e7a, Alemanya i Dinamarca. Per no ser detinguts per la policia ni ser acusats de tr\u00e0fic de persones o d\u2019afavorir la immigraci\u00f3 il\u00b7legal, tot el grup es fa passar per un cortegi nupcial. Empolainats i encorbatats, fan veure que acompanyen la n\u00favia, tota vestida de blanc, durant un trajecte de quatre dies i 3.000 quil\u00f2metres.<\/p>\n<p>Es tracta d\u2019una hist\u00f2ria real de solidaritat, d\u2019humanitat, de recurs a l\u2019humor i la creativitat, de den\u00fancia i de desobedi\u00e8ncia civil en front a unes normes i un control de fronteres que contribueixen a la mort de milers de persones en les rutes mar\u00edtimes cap a Europa.<\/p>\n<p>El documental, dirigit per Khaled Soliman Al Nassiry, Gabriele del Grande- tamb\u00e9 autor del blog <a target=\"_blank\" href=\"http:\/\/fortresseurope.blogspot.com.es\/\" rel=\"noopener\">Fortress Europe<\/a><span style=\"text-decoration: underline;\">&#8211;<\/span>, i Antonio Augugliaro, es va finan\u00e7ar a trav\u00e9s de <em>crowfunding.<\/em> L\u2019\u00e8xit del projecte va sobrepassar totes les expectatives i el documental va ser projectat al festival de cinema de Ven\u00e8cia, on va obtenir molt bona rebuda tant per part del p\u00fablic com de la cr\u00edtica.<\/p>\n<p class=\"recomendation\" id=\"reco_5\">                                <b>                    Recull de p\u00e0gines web<br \/>                    <span><\/span>                <\/b>            <\/p>\n<p><a target=\"_blank\" href=\"https:\/\/obrimfronteres.wordpress.com\/\" rel=\"noopener\">Unim esfor\u00e7os, Obrim fronteres &#8211; Xarxa educadora de suport a les persones refugiades<\/a> \u00e9s un espai viu per compartir experi\u00e8ncies, recursos i accions coordinades amb impacte social tot abordant l\u2019actual crisi \u00e8tica sobre les fronteres i en favor del dret a migrar. Hi participen un ampli ventall d\u2019agents educatius: escoles, instituts, AFAs, entitats del lleure, equipaments educatius, moviments socials, associacions, aix\u00ed com persones interessades en col\u00b7laborar-hi. La setmana del 10 al 18 de desembre, coincidint amb el Dia dels Drets Humans i el Dia de les Persones Migrants, la xarxa convoca un seguit <a target=\"_blank\" href=\"https:\/\/obrimfronteres.wordpress.com\/2016\/10\/11\/setmana-daccions-10-18-desembre\/\" rel=\"noopener\">d\u2019actes reivindicatius<\/a>.<\/p>\n<p><a target=\"_blank\" href=\"http:\/\/www.ecre.org\/\" rel=\"noopener\">European Council on Refugees and Exiles<\/a> \u00e9s una alian\u00e7a de m\u00e9s de noranta ONG de diferents pa\u00efsos europeus creada per protegir i promoure els drets de les persones refugiades. La seva p\u00e0gina web ofereix, entre d\u2019altres, informaci\u00f3 actualitzada sobre lobby pol\u00edtic, documents publicats per les entitats que en formen part i els contactes d\u2019associacions i advocats als quals els refugiats poden demanar ajuda.<\/p>\n<p><a target=\"_blank\" href=\"http:\/\/watchthemed.net\/\" rel=\"noopener\">Watch the Med<\/a> \u00e9s una plataforma online que permet fer el seguiment i mapeig de les morts i violacions dels drets humans contra immigrants en les fronteres mar\u00edtimes de la Uni\u00f3 Europea. Un ampli ventall d\u2019activistes, investigadors i organitzacions hi estan implicats.<\/p>\n<p><a target=\"_blank\" href=\"http:\/\/www.migreurop.org\/?lang=fr\" rel=\"noopener\">Migreurop<\/a> \u00e9s una xarxa europea i africana d\u2019investigadors i activistes que treballen per denunciar les condicions de detenci\u00f3 i posar fi als centres d\u2019internament d\u2019estrangers i fer un seguiment de la pol\u00edtica d\u2019externalitzaci\u00f3 de fronteres de la Uni\u00f3 Europea. La seva p\u00e0gina web ofereix mapes actualitzats amb les localitzacions dels diferents centres d\u2019internament, recull d\u2019experi\u00e8ncies, an\u00e0lisis de pol\u00edtiques migrat\u00f2ries, etc.<\/p>\n<p><a target=\"_blank\" href=\"http:\/\/refugee.tv\/\" rel=\"noopener\">Refugee.tv<\/a> \u00e9s una plataforma online llen\u00e7ada pel cineasta austr\u00edac David Gross amb el suport de persones exiliades de sis nacionalitats diferents, amb coneixements audiovisuals, period\u00edstics, t\u00e8cnics i cin\u00e8fils, i que expliquen amb reportatges i noticies les seves situacions personals. D\u2019aquesta manera es mostra una altra perspectiva d\u2019aquesta crisi a partir de la visi\u00f3 i opini\u00f3 dels propis refugiats i refugiades.<\/p>\n<p><a target=\"_blank\" href=\"https:\/\/calaismigrantsolidarity.wordpress.com\/\" rel=\"noopener\">Calais Migrant Solidarity<\/a> \u00e9s un bloc que recull informaci\u00f3 actualitzada i pr\u00e0ctica sobre Calais, a Fran\u00e7a, i ofereix recursos i guies per a les persones que es troben atrapades en aquest punt fronterer El bloc inclou tamb\u00e9 un recompte de les persones que han mort en aquesta frontera en els \u00faltims cinc anys.<\/p>\n<\/p>\n<p class=\"gencat\">\u00a9 Generalitat de Catalunya<\/p>\n","protected":false},"featured_media":6669,"menu_order":7,"template":"","categories":[7],"class_list":["post-6626","article","type-article","status-publish","has-post-thumbnail","hentry","category-recomanem"],"acf":[],"yoast_head":"<!-- This site is optimized with the Yoast SEO plugin v25.6 - https:\/\/yoast.com\/wordpress\/plugins\/seo\/ -->\n<title>Materials i recursos d\u2019inter\u00e8s recomanats per l\u2019ICIP - Revista Per la Pau<\/title>\n<meta name=\"robots\" content=\"index, follow, max-snippet:-1, max-image-preview:large, max-video-preview:-1\" \/>\n<link rel=\"canonical\" href=\"https:\/\/www.icip.cat\/perlapau\/article\/materials-i-recursos-dinteres-recomanats-per-licip-11\/\" \/>\n<meta property=\"og:locale\" content=\"ca_ES\" \/>\n<meta property=\"og:type\" content=\"article\" \/>\n<meta property=\"og:title\" content=\"Materials i recursos d\u2019inter\u00e8s recomanats per l\u2019ICIP - Revista Per la Pau\" \/>\n<meta property=\"og:description\" content=\"Acci\u00f3 Qu\u00e8 estan fent les ONG catalanes per a les persones refugiades? Lafede.cat \u2013 organitzacions per a la just\u00edcia global \u00e9s una xarxa de m\u00e9s d\u2019un centenar d\u2019entitats catalanes que treballa per aconseguir la just\u00edcia social i l\u2019eradicaci\u00f3 de les desigualtats mitjan\u00e7ant la cooperaci\u00f3 al desenvolupament, la defensa i promoci\u00f3 dels drets humans i el [&hellip;]\" \/>\n<meta property=\"og:url\" content=\"https:\/\/www.icip.cat\/perlapau\/article\/materials-i-recursos-dinteres-recomanats-per-licip-11\/\" \/>\n<meta property=\"og:site_name\" content=\"Revista Per la Pau\" \/>\n<meta property=\"og:image\" content=\"https:\/\/www.icip.cat\/perlapau\/wp-content\/uploads\/2022\/04\/recomanem_2560-10-518x720.jpg\" \/>\n\t<meta property=\"og:image:width\" content=\"518\" \/>\n\t<meta property=\"og:image:height\" content=\"720\" \/>\n\t<meta property=\"og:image:type\" content=\"image\/jpeg\" \/>\n<meta name=\"twitter:card\" content=\"summary_large_image\" \/>\n<meta name=\"twitter:label1\" content=\"Temps estimat de lectura\" \/>\n\t<meta name=\"twitter:data1\" content=\"7 minuts\" \/>\n<script type=\"application\/ld+json\" class=\"yoast-schema-graph\">{\"@context\":\"https:\/\/schema.org\",\"@graph\":[{\"@type\":\"WebPage\",\"@id\":\"https:\/\/www.icip.cat\/perlapau\/article\/materials-i-recursos-dinteres-recomanats-per-licip-11\/\",\"url\":\"https:\/\/www.icip.cat\/perlapau\/article\/materials-i-recursos-dinteres-recomanats-per-licip-11\/\",\"name\":\"Materials i recursos d\u2019inter\u00e8s recomanats per l\u2019ICIP - Revista Per la Pau\",\"isPartOf\":{\"@id\":\"https:\/\/www.icip.cat\/perlapau\/#website\"},\"primaryImageOfPage\":{\"@id\":\"https:\/\/www.icip.cat\/perlapau\/article\/materials-i-recursos-dinteres-recomanats-per-licip-11\/#primaryimage\"},\"image\":{\"@id\":\"https:\/\/www.icip.cat\/perlapau\/article\/materials-i-recursos-dinteres-recomanats-per-licip-11\/#primaryimage\"},\"thumbnailUrl\":\"https:\/\/www.icip.cat\/perlapau\/wp-content\/uploads\/2022\/04\/recomanem_2560-10.jpg\",\"datePublished\":\"2022-04-07T11:19:39+00:00\",\"inLanguage\":\"ca\",\"potentialAction\":[{\"@type\":\"ReadAction\",\"target\":[\"https:\/\/www.icip.cat\/perlapau\/article\/materials-i-recursos-dinteres-recomanats-per-licip-11\/\"]}]},{\"@type\":\"ImageObject\",\"inLanguage\":\"ca\",\"@id\":\"https:\/\/www.icip.cat\/perlapau\/article\/materials-i-recursos-dinteres-recomanats-per-licip-11\/#primaryimage\",\"url\":\"https:\/\/www.icip.cat\/perlapau\/wp-content\/uploads\/2022\/04\/recomanem_2560-10.jpg\",\"contentUrl\":\"https:\/\/www.icip.cat\/perlapau\/wp-content\/uploads\/2022\/04\/recomanem_2560-10.jpg\",\"width\":1152,\"height\":1600},{\"@type\":\"WebSite\",\"@id\":\"https:\/\/www.icip.cat\/perlapau\/#website\",\"url\":\"https:\/\/www.icip.cat\/perlapau\/\",\"name\":\"Revista Per la Pau\",\"description\":\"La revista de l&#039;Institut Catal\u00e0 Internacional per la Pau\",\"publisher\":{\"@id\":\"https:\/\/www.icip.cat\/perlapau\/#organization\"},\"potentialAction\":[{\"@type\":\"SearchAction\",\"target\":{\"@type\":\"EntryPoint\",\"urlTemplate\":\"https:\/\/www.icip.cat\/perlapau\/?s={search_term_string}\"},\"query-input\":{\"@type\":\"PropertyValueSpecification\",\"valueRequired\":true,\"valueName\":\"search_term_string\"}}],\"inLanguage\":\"ca\"},{\"@type\":\"Organization\",\"@id\":\"https:\/\/www.icip.cat\/perlapau\/#organization\",\"name\":\"Revista Per la Pau\",\"url\":\"https:\/\/www.icip.cat\/perlapau\/\",\"logo\":{\"@type\":\"ImageObject\",\"inLanguage\":\"ca\",\"@id\":\"https:\/\/www.icip.cat\/perlapau\/#\/schema\/logo\/image\/\",\"url\":\"https:\/\/www.icip.cat\/perlapau\/wp-content\/uploads\/2023\/04\/ICIP_logo.jpg\",\"contentUrl\":\"https:\/\/www.icip.cat\/perlapau\/wp-content\/uploads\/2023\/04\/ICIP_logo.jpg\",\"width\":1025,\"height\":1024,\"caption\":\"Revista Per la Pau\"},\"image\":{\"@id\":\"https:\/\/www.icip.cat\/perlapau\/#\/schema\/logo\/image\/\"}}]}<\/script>\n<!-- \/ Yoast SEO plugin. -->","yoast_head_json":{"title":"Materials i recursos d\u2019inter\u00e8s recomanats per l\u2019ICIP - Revista Per la Pau","robots":{"index":"index","follow":"follow","max-snippet":"max-snippet:-1","max-image-preview":"max-image-preview:large","max-video-preview":"max-video-preview:-1"},"canonical":"https:\/\/www.icip.cat\/perlapau\/article\/materials-i-recursos-dinteres-recomanats-per-licip-11\/","og_locale":"ca_ES","og_type":"article","og_title":"Materials i recursos d\u2019inter\u00e8s recomanats per l\u2019ICIP - Revista Per la Pau","og_description":"Acci\u00f3 Qu\u00e8 estan fent les ONG catalanes per a les persones refugiades? Lafede.cat \u2013 organitzacions per a la just\u00edcia global \u00e9s una xarxa de m\u00e9s d\u2019un centenar d\u2019entitats catalanes que treballa per aconseguir la just\u00edcia social i l\u2019eradicaci\u00f3 de les desigualtats mitjan\u00e7ant la cooperaci\u00f3 al desenvolupament, la defensa i promoci\u00f3 dels drets humans i el [&hellip;]","og_url":"https:\/\/www.icip.cat\/perlapau\/article\/materials-i-recursos-dinteres-recomanats-per-licip-11\/","og_site_name":"Revista Per la Pau","og_image":[{"width":518,"height":720,"url":"https:\/\/www.icip.cat\/perlapau\/wp-content\/uploads\/2022\/04\/recomanem_2560-10-518x720.jpg","type":"image\/jpeg"}],"twitter_card":"summary_large_image","twitter_misc":{"Temps estimat de lectura":"7 minuts"},"schema":{"@context":"https:\/\/schema.org","@graph":[{"@type":"WebPage","@id":"https:\/\/www.icip.cat\/perlapau\/article\/materials-i-recursos-dinteres-recomanats-per-licip-11\/","url":"https:\/\/www.icip.cat\/perlapau\/article\/materials-i-recursos-dinteres-recomanats-per-licip-11\/","name":"Materials i recursos d\u2019inter\u00e8s recomanats per l\u2019ICIP - Revista Per la Pau","isPartOf":{"@id":"https:\/\/www.icip.cat\/perlapau\/#website"},"primaryImageOfPage":{"@id":"https:\/\/www.icip.cat\/perlapau\/article\/materials-i-recursos-dinteres-recomanats-per-licip-11\/#primaryimage"},"image":{"@id":"https:\/\/www.icip.cat\/perlapau\/article\/materials-i-recursos-dinteres-recomanats-per-licip-11\/#primaryimage"},"thumbnailUrl":"https:\/\/www.icip.cat\/perlapau\/wp-content\/uploads\/2022\/04\/recomanem_2560-10.jpg","datePublished":"2022-04-07T11:19:39+00:00","inLanguage":"ca","potentialAction":[{"@type":"ReadAction","target":["https:\/\/www.icip.cat\/perlapau\/article\/materials-i-recursos-dinteres-recomanats-per-licip-11\/"]}]},{"@type":"ImageObject","inLanguage":"ca","@id":"https:\/\/www.icip.cat\/perlapau\/article\/materials-i-recursos-dinteres-recomanats-per-licip-11\/#primaryimage","url":"https:\/\/www.icip.cat\/perlapau\/wp-content\/uploads\/2022\/04\/recomanem_2560-10.jpg","contentUrl":"https:\/\/www.icip.cat\/perlapau\/wp-content\/uploads\/2022\/04\/recomanem_2560-10.jpg","width":1152,"height":1600},{"@type":"WebSite","@id":"https:\/\/www.icip.cat\/perlapau\/#website","url":"https:\/\/www.icip.cat\/perlapau\/","name":"Revista Per la Pau","description":"La revista de l&#039;Institut Catal\u00e0 Internacional per la Pau","publisher":{"@id":"https:\/\/www.icip.cat\/perlapau\/#organization"},"potentialAction":[{"@type":"SearchAction","target":{"@type":"EntryPoint","urlTemplate":"https:\/\/www.icip.cat\/perlapau\/?s={search_term_string}"},"query-input":{"@type":"PropertyValueSpecification","valueRequired":true,"valueName":"search_term_string"}}],"inLanguage":"ca"},{"@type":"Organization","@id":"https:\/\/www.icip.cat\/perlapau\/#organization","name":"Revista Per la Pau","url":"https:\/\/www.icip.cat\/perlapau\/","logo":{"@type":"ImageObject","inLanguage":"ca","@id":"https:\/\/www.icip.cat\/perlapau\/#\/schema\/logo\/image\/","url":"https:\/\/www.icip.cat\/perlapau\/wp-content\/uploads\/2023\/04\/ICIP_logo.jpg","contentUrl":"https:\/\/www.icip.cat\/perlapau\/wp-content\/uploads\/2023\/04\/ICIP_logo.jpg","width":1025,"height":1024,"caption":"Revista Per la Pau"},"image":{"@id":"https:\/\/www.icip.cat\/perlapau\/#\/schema\/logo\/image\/"}}]}},"_links":{"self":[{"href":"https:\/\/www.icip.cat\/perlapau\/wp-json\/wp\/v2\/article\/6626","targetHints":{"allow":["GET"]}}],"collection":[{"href":"https:\/\/www.icip.cat\/perlapau\/wp-json\/wp\/v2\/article"}],"about":[{"href":"https:\/\/www.icip.cat\/perlapau\/wp-json\/wp\/v2\/types\/article"}],"wp:featuredmedia":[{"embeddable":true,"href":"https:\/\/www.icip.cat\/perlapau\/wp-json\/wp\/v2\/media\/6669"}],"wp:attachment":[{"href":"https:\/\/www.icip.cat\/perlapau\/wp-json\/wp\/v2\/media?parent=6626"}],"wp:term":[{"taxonomy":"category","embeddable":true,"href":"https:\/\/www.icip.cat\/perlapau\/wp-json\/wp\/v2\/categories?post=6626"}],"curies":[{"name":"wp","href":"https:\/\/api.w.org\/{rel}","templated":true}]}}