{"id":6756,"date":"2022-04-07T11:21:30","date_gmt":"2022-04-07T11:21:30","guid":{"rendered":"https:\/\/www.icip.cat\/perlapau\/issue\/%issue_post%\/article\/nosaltres-les-ciutats\/"},"modified":"2022-04-07T11:21:30","modified_gmt":"2022-04-07T11:21:30","slug":"nosaltres-les-ciutats","status":"publish","type":"article","link":"https:\/\/www.icip.cat\/perlapau\/article\/nosaltres-les-ciutats\/","title":{"rendered":"Nosaltres, les ciutats"},"content":{"rendered":"\n<p>                <span id=\"square\"><\/span>                <span id=\"first-word\">Fa m\u00e9s de 70 anys<\/span>, amb la voluntat de reconstruir un m\u00f3n nou sobre les runes de la II Guerra Mundial, els governs llavors existents es van reunir a San Francisco per firmar la Carta de les Nacions Unides. Tots ells \u2013\u201cnosaltres, els pobles de les nacions unides\u201d\u2013 es van mostrar resolts, entre d\u2019altres, a preservar el m\u00f3n del flagell de la guerra, a reafirmar la fe en els drets fonamentals, en la dignitat i el valor de la persona humana i a promoure el progr\u00e9s social i elevar el nivell de vida dins d\u2019un concepte m\u00e9s ampli de llibertat. A aquests compromisos fundacionals, seguiren la Declaraci\u00f3 Universal dels Drets Humans i un conjunt de tractats i convencions internacionals als qu\u00e8 els Estats s\u2019han anat adherint progressivament, acceptant d\u2019aquesta manera obligacions en mat\u00e8ria de drets humans.            <\/p>\n<p> Si b\u00e9 aquest marc normatiu no sempre s\u2019ha respectat, fins ara les violacions dels drets humans com a m\u00ednim s\u2019intentaven dissimular davant de l\u2019opini\u00f3 p\u00fablica i de la comunitat internacional. \u00daltimament, per\u00f2, es van multiplicant les veus de representants pol\u00edtics \u2013tamb\u00e9 de pa\u00efsos suposadament democr\u00e0tics\u2013 que les justifiquen o fins i tot les promouen, fent trontollar tot un sistema de drets i garanties que ha costat segles construir. No \u00e9s casual que en pocs mesos fins a tres pa\u00efsos \u2013Ucra\u00efna, Fran\u00e7a i Turquia\u2013 hagin derogat (temporalment) el Conveni Europeu de Drets Humans. <\/p>\n<p> Els acords de la Uni\u00f3 Europea amb tercers pa\u00efsos en mat\u00e8ria de refugi i immigraci\u00f3, els discursos xen\u00f2fobs als mitjans de comunicaci\u00f3 i a programes de partits pol\u00edtics cada cop m\u00e9s votats, el menyspreu de la vida humana a les portes de les nostres fortaleses, els atacs al medi ambient, el <em>laissez faire <\/em>davant de greus abusos comesos per transnacionals, el comer\u00e7 d\u2019armes que no es controla o el retall de les nostres llibertats en nom d\u2019una seguretat militaritzada s\u00f3n una preocupant mostra de la decad\u00e8ncia que ens allunya dels ideals que havien de marcar el cam\u00ed iniciat el 1945. <\/p>\n<p>\t\t\t\t\t\t<cite class=\"cita-center\">                                                Enmig de tant d\u2019esperpent, la ciutat de Madrid va oferir un petit oasi d\u2019intercanvi, de di\u00e0leg, de creativitat i d\u2019esperan\u00e7a            <\/cite>\t\t\t\t\t\t<\/p>\n<p> Enmig de tant d\u2019esperpent, la ciutat de Madrid va oferir fa unes setmanes un petit oasi d\u2019intercanvi, de di\u00e0leg, de creativitat i d\u2019esperan\u00e7a. Convocats per les alcaldesses de Madrid, Manuela Carmena, i de Par\u00eds, Anne Hidalgo, representants de molts municipis, grans i petits, d\u2019arreu del m\u00f3n, i una nodrida representaci\u00f3 d\u2019organitzacions del teixit social van participar al <a href=\"http:\/\/www.ciudadesdepaz.com\/\" target=\"_blank\" rel=\"noopener\">F\u00f2rum Mundial sobre les Viol\u00e8ncies Urbanes i Educaci\u00f3 per a la Conviv\u00e8ncia i la Pau<\/a> celebrat a Madrid els dies 19 a 21 d\u2019abril de 2017. Prop de 3.500 persones d\u2019una setantena de pa\u00efsos no van faltar a la cita. <\/p>\n<p> Aquesta trobada va permetre, d\u2019una banda, sentir discursos i reflexions que s\u2019allunyen de les funestes tend\u00e8ncies anteriorment mencionades. \u00a0Discursos i reflexions que ens parlen de solidaritat, sostenibilitat, democr\u00e0cia, just\u00edcia social, igualtat de g\u00e8nere, que ens recorden que al centre de totes les prioritats cal posar la dignitat dels \u00e9ssers humans, de tots, sense cap mena de discriminaci\u00f3<strong>.<\/strong> \u00a0Amb els temps que corren, organitzar cites internacionals amb la participaci\u00f3 de representants institucionals d\u2019alt nivell i la repercussi\u00f3 medi\u00e0tica com les que va tenir el F\u00f2rum de Madrid, \u00e9s primordial. Sense cap mena de dubte, iniciatives d\u2019aquesta mena contribueixen a posar en valor aquests principis, a donar-los visibilitat i a posar-los en l\u2019agenda pol\u00edtica. <\/p>\n<p> D\u2019altra banda, el F\u00f2rum va ser una magn\u00edfica ocasi\u00f3 perqu\u00e8 alcaldes i alcaldesses de moltes ciutats enviessin al m\u00f3n aquest missatge: front a la cultura de la viol\u00e8ncia, nosaltres, les ciutats, apostem per la cultura de la pau. Si els governs no es posen d\u2019acord per resoldre els conflictes internacionals de manera pac\u00edfica, si no s\u2019impliquen prou per millorar les condicions de vida de les persones, lluitar contra la corrupci\u00f3, protegir el medi ambient i educar per la pau, nosaltres, des de les nostres alcaldies, seguirem avan\u00e7ant. <\/p>\n<p>\t\t\t\t\t\t<cite class=\"cita-center\">                                                \u00c9s esperan\u00e7ador que les m\u00e0ximes autoritats municipals apel\u00b7lin a la cultura de la pau per resoldre els conflictes            <\/cite>            \t\t\t<\/p>\n<p> I \u00e9s molt encoratjador que alcaldes i alcaldesses es comprometin en aquest sentit, perqu\u00e8 \u00e9s precisament en els entorns urbans on les expressions de viol\u00e8ncia es fan m\u00e9s palpables. Per viol\u00e8ncia entenem no nom\u00e9s els nivells de criminalitat. A m\u00e9s a m\u00e9s dels atacs f\u00edsics contra les persones, de les viol\u00e8ncies interpersonals, tamb\u00e9 ens referim a les viol\u00e8ncies m\u00e9s estructurals com ara les desigualtats, la pobresa, les car\u00e8ncies en l\u2019acc\u00e9s a l\u2019habitatge, l\u2019educaci\u00f3 o la salut, la manca d\u2019oportunitats laborals, la corrupci\u00f3, la discriminaci\u00f3, etc. Tamb\u00e9 cal tenir present les viol\u00e8ncies m\u00e9s simb\u00f2liques (o culturals) que perpetuen les viol\u00e8ncies estructurals i\/o directes: aquells missatges m\u00e9s o menys subliminals encara molt presents en el llenguatge, costums, mitjans de comunicaci\u00f3, espais d\u2019entreteniment, opini\u00f3 p\u00fablica, que creen i aguditzen prejudicis, exclusions i marginacions. <\/p>\n<p> Davant d\u2019aquestes m\u00faltiples situacions de viol\u00e8ncies, \u00e9s esperan\u00e7ador que les m\u00e0ximes autoritats municipals s\u2019aturin a reflexionar i es marquin com a prop\u00f2sit donar-hi una resposta integral que no es basi exclusivament en mesures \u201csecurititzadores\u201d, sin\u00f3 que apel\u00b7lin a la cultura de la pau per resoldre els conflictes i promoguin l\u2019educaci\u00f3 per la conviv\u00e8ncia. <\/p>\n<p> Els debats del F\u00f2rum van ser d\u2019una gran utilitat per abordar des de l\u2019experi\u00e8ncia directa, les conflictivitats que apareixen dins les ciutats, en tota la seva diversitat: des dels reptes que es viuen a Mont-real (Canad\u00e0), una ciutat de 4 milions d\u2019habitants, a com es gestiona l\u2019acollida de refugiats en una localitat relativament petita com Ventimiglia (It\u00e0lia), passant pels esclats de viol\u00e8ncia que intenta gestionar l\u2019alcaldessa de Bangangt\u00e9 (Camerun) amb totes les seves limitacions competencials. <\/p>\n<p> Tamb\u00e9 van servir per donar a con\u00e8ixer diferents iniciatives, dutes a terme per institucions p\u00fabliques o organitzacions de la societat civil, que han mostrat resultats positius. I si b\u00e9 no hi ha f\u00f3rmula universal per fomentar la bona conviv\u00e8ncia i construir pau en zones urbanes, el F\u00f2rum \u2013amb els seus escenaris formals i els informals\u2013 va servir per donar publicitat i con\u00e8ixer de m\u00e9s a prop projectes que funcionen i que es poden adaptar i aplicar en altres llocs. Perqu\u00e8 si les ciutats s\u00f3n espais de conflictes que poden derivar en viol\u00e8ncia, tamb\u00e9 s\u00f3n espais de trobada, d\u2019acollida, de creativitat, de coneixement, de creixement personal \u00a0i col\u00b7lectiu, de lleure, de cultura, que ens poden fer avan\u00e7ar cap a un m\u00f3n m\u00e9s just i sostenible. Cal saber identificar-los i fomentar-los. <\/p>\n<p>\t\t\t\t\t\t<cite class=\"cita-center\">                                                Si les ciutats s\u00f3n espais de conflictes que poden derivar en viol\u00e8ncia, tamb\u00e9 s\u00f3n espais de trobada, d\u2019acollida, de creativitat, que ens poden fer avan\u00e7ar cap a un m\u00f3n m\u00e9s just i sostenible            <\/cite>                        <\/p>\n<p> Seguint aquest fil, al F\u00f2rum no hi va faltar el teatre, la dansa, la m\u00fasica,&#8230; perqu\u00e8 l\u2019art tamb\u00e9 s\u2019hi va reivindicar com a eina de transformaci\u00f3 social, especialment l\u2019art urb\u00e0. Ho va argumentar magn\u00edficament el fil\u00f2sof i ballar\u00ed Miguel Ballar\u00edn i ho va il\u00b7lustrar l\u2019amic Jeihhco de Casa Kolacho, de Medell\u00edn, que va aconseguir moure un auditori sencer a ritme de rap. <\/p>\n<p> Els detractors d\u2019iniciatives com aquestes poden veure ingenu\u00eftat o incl\u00fas demag\u00f2gia en tot projecte pol\u00edtic que aspira a la construcci\u00f3 de pau. Tanmateix, posar sobre la taula problemes greus que afecten el benestar i la vida de milions de persones i mirar de trobar-hi solucions \u00e9s precisament el que han de fer els dirigents pol\u00edtics, ja siguin d\u2019\u00e0mbit estatal, regional o local. Crear espais de di\u00e0leg, d\u2019intercanvi d\u2019experi\u00e8ncies, de creaci\u00f3 d\u2019aliances per afrontar-los d\u2019acord amb uns principis que ens uneixen a tota la humanitat, no \u00e9s cap excentricitat. En canvi, el que s\u00ed que s\u2019ha de demanar als i les dirigents \u00e9s coher\u00e8ncia i exemplaritat entre el discurs i la pr\u00e0ctica. A pesar de la lucidesa, solidaritat i sensibilitat expressades durant el F\u00f2rum per les seves respectives alcaldesses, Madrid i Par\u00eds, com tantes altres ciutats, no estan exemptes de desnonaments, exclusions, viol\u00e8ncia de g\u00e8nere, abusos policials o racisme. Un full de ruta per mantenir-se fermes en els compromisos, a l\u2019espera d\u2019anar concretant una agenda pol\u00edtica de pau per als municipis, pot ser la declaraci\u00f3 final del F\u00f2rum: el document \u201c<a href=\"http:\/\/www.ciudadesdepaz.com\/programa\/declaracion-final\/\" target=\"_blank\" rel=\"noopener\">Compromiso de Madrid de Ciudades de Paz<\/a>\u201d. <\/p>\n<p> Tres dies de F\u00f2rum no s\u00f3n certament suficients per fer canviar el mal rumb que portem, per\u00f2 d\u00f3na ales a totes aquelles persones que estan treballant per la pau i els drets humans, en situacions sovint molt adverses. Obre la porta a que m\u00e9s municipis se sentin interpel\u00b7lats per la necessitat d\u2019abordar els conflictes urbans des de la cultura de pau. La not\u00edcia que d\u2019aqu\u00ed dos anys s\u2019organitzar\u00e0 una altra cita mundial com aquesta \u00e9s molt bona. Tant de bo s\u2019hi sumin m\u00e9s governs locals i hi puguin assistir m\u00e9s organitzacions de la societat civil. Ens calen capitals de pau per tot el planeta. <\/p>\n<p class=\"foto first-reference\"> <a href=\"https:\/\/www.flickr.com\/photos\/uclg\/34028084372\/in\/album-72157679679884193\/\" target=\"_blank\" rel=\"noopener\">\tFotografia\t<\/a>\t: UCLG\t <\/p>\n<p class=\"gencat\">\u00a9 Generalitat de Catalunya<\/p>\n","protected":false},"featured_media":6807,"menu_order":8,"template":"","categories":[8],"class_list":["post-6756","article","type-article","status-publish","has-post-thumbnail","hentry","category-tribuna"],"acf":[],"yoast_head":"<!-- This site is optimized with the Yoast SEO plugin v25.6 - https:\/\/yoast.com\/wordpress\/plugins\/seo\/ -->\n<title>Nosaltres, les ciutats - Revista Per la Pau<\/title>\n<meta name=\"robots\" content=\"index, follow, max-snippet:-1, max-image-preview:large, max-video-preview:-1\" \/>\n<link rel=\"canonical\" href=\"https:\/\/www.icip.cat\/perlapau\/article\/nosaltres-les-ciutats\/\" \/>\n<meta property=\"og:locale\" content=\"ca_ES\" \/>\n<meta property=\"og:type\" content=\"article\" \/>\n<meta property=\"og:title\" content=\"Nosaltres, les ciutats - Revista Per la Pau\" \/>\n<meta property=\"og:description\" content=\"Fa m\u00e9s de 70 anys, amb la voluntat de reconstruir un m\u00f3n nou sobre les runes de la II Guerra Mundial, els governs llavors existents es van reunir a San Francisco per firmar la Carta de les Nacions Unides. Tots ells \u2013\u201cnosaltres, els pobles de les nacions unides\u201d\u2013 es van mostrar resolts, entre d\u2019altres, a [&hellip;]\" \/>\n<meta property=\"og:url\" content=\"https:\/\/www.icip.cat\/perlapau\/article\/nosaltres-les-ciutats\/\" \/>\n<meta property=\"og:site_name\" content=\"Revista Per la Pau\" \/>\n<meta property=\"og:image\" content=\"https:\/\/www.icip.cat\/perlapau\/wp-content\/uploads\/2022\/04\/tribuna_1_2560-12-518x720.jpg\" \/>\n\t<meta property=\"og:image:width\" content=\"518\" \/>\n\t<meta property=\"og:image:height\" content=\"720\" \/>\n\t<meta property=\"og:image:type\" content=\"image\/jpeg\" \/>\n<meta name=\"twitter:card\" content=\"summary_large_image\" \/>\n<meta name=\"twitter:label1\" content=\"Temps estimat de lectura\" \/>\n\t<meta name=\"twitter:data1\" content=\"8 minuts\" \/>\n<script type=\"application\/ld+json\" class=\"yoast-schema-graph\">{\"@context\":\"https:\/\/schema.org\",\"@graph\":[{\"@type\":\"WebPage\",\"@id\":\"https:\/\/www.icip.cat\/perlapau\/article\/nosaltres-les-ciutats\/\",\"url\":\"https:\/\/www.icip.cat\/perlapau\/article\/nosaltres-les-ciutats\/\",\"name\":\"Nosaltres, les ciutats - Revista Per la Pau\",\"isPartOf\":{\"@id\":\"https:\/\/www.icip.cat\/perlapau\/#website\"},\"primaryImageOfPage\":{\"@id\":\"https:\/\/www.icip.cat\/perlapau\/article\/nosaltres-les-ciutats\/#primaryimage\"},\"image\":{\"@id\":\"https:\/\/www.icip.cat\/perlapau\/article\/nosaltres-les-ciutats\/#primaryimage\"},\"thumbnailUrl\":\"https:\/\/www.icip.cat\/perlapau\/wp-content\/uploads\/2022\/04\/tribuna_1_2560-12.jpg\",\"datePublished\":\"2022-04-07T11:21:30+00:00\",\"inLanguage\":\"ca\",\"potentialAction\":[{\"@type\":\"ReadAction\",\"target\":[\"https:\/\/www.icip.cat\/perlapau\/article\/nosaltres-les-ciutats\/\"]}]},{\"@type\":\"ImageObject\",\"inLanguage\":\"ca\",\"@id\":\"https:\/\/www.icip.cat\/perlapau\/article\/nosaltres-les-ciutats\/#primaryimage\",\"url\":\"https:\/\/www.icip.cat\/perlapau\/wp-content\/uploads\/2022\/04\/tribuna_1_2560-12.jpg\",\"contentUrl\":\"https:\/\/www.icip.cat\/perlapau\/wp-content\/uploads\/2022\/04\/tribuna_1_2560-12.jpg\",\"width\":1152,\"height\":1600},{\"@type\":\"WebSite\",\"@id\":\"https:\/\/www.icip.cat\/perlapau\/#website\",\"url\":\"https:\/\/www.icip.cat\/perlapau\/\",\"name\":\"Revista Per la Pau\",\"description\":\"La revista de l&#039;Institut Catal\u00e0 Internacional per la Pau\",\"publisher\":{\"@id\":\"https:\/\/www.icip.cat\/perlapau\/#organization\"},\"potentialAction\":[{\"@type\":\"SearchAction\",\"target\":{\"@type\":\"EntryPoint\",\"urlTemplate\":\"https:\/\/www.icip.cat\/perlapau\/?s={search_term_string}\"},\"query-input\":{\"@type\":\"PropertyValueSpecification\",\"valueRequired\":true,\"valueName\":\"search_term_string\"}}],\"inLanguage\":\"ca\"},{\"@type\":\"Organization\",\"@id\":\"https:\/\/www.icip.cat\/perlapau\/#organization\",\"name\":\"Revista Per la Pau\",\"url\":\"https:\/\/www.icip.cat\/perlapau\/\",\"logo\":{\"@type\":\"ImageObject\",\"inLanguage\":\"ca\",\"@id\":\"https:\/\/www.icip.cat\/perlapau\/#\/schema\/logo\/image\/\",\"url\":\"https:\/\/www.icip.cat\/perlapau\/wp-content\/uploads\/2023\/04\/ICIP_logo.jpg\",\"contentUrl\":\"https:\/\/www.icip.cat\/perlapau\/wp-content\/uploads\/2023\/04\/ICIP_logo.jpg\",\"width\":1025,\"height\":1024,\"caption\":\"Revista Per la Pau\"},\"image\":{\"@id\":\"https:\/\/www.icip.cat\/perlapau\/#\/schema\/logo\/image\/\"}}]}<\/script>\n<!-- \/ Yoast SEO plugin. -->","yoast_head_json":{"title":"Nosaltres, les ciutats - Revista Per la Pau","robots":{"index":"index","follow":"follow","max-snippet":"max-snippet:-1","max-image-preview":"max-image-preview:large","max-video-preview":"max-video-preview:-1"},"canonical":"https:\/\/www.icip.cat\/perlapau\/article\/nosaltres-les-ciutats\/","og_locale":"ca_ES","og_type":"article","og_title":"Nosaltres, les ciutats - Revista Per la Pau","og_description":"Fa m\u00e9s de 70 anys, amb la voluntat de reconstruir un m\u00f3n nou sobre les runes de la II Guerra Mundial, els governs llavors existents es van reunir a San Francisco per firmar la Carta de les Nacions Unides. Tots ells \u2013\u201cnosaltres, els pobles de les nacions unides\u201d\u2013 es van mostrar resolts, entre d\u2019altres, a [&hellip;]","og_url":"https:\/\/www.icip.cat\/perlapau\/article\/nosaltres-les-ciutats\/","og_site_name":"Revista Per la Pau","og_image":[{"width":518,"height":720,"url":"https:\/\/www.icip.cat\/perlapau\/wp-content\/uploads\/2022\/04\/tribuna_1_2560-12-518x720.jpg","type":"image\/jpeg"}],"twitter_card":"summary_large_image","twitter_misc":{"Temps estimat de lectura":"8 minuts"},"schema":{"@context":"https:\/\/schema.org","@graph":[{"@type":"WebPage","@id":"https:\/\/www.icip.cat\/perlapau\/article\/nosaltres-les-ciutats\/","url":"https:\/\/www.icip.cat\/perlapau\/article\/nosaltres-les-ciutats\/","name":"Nosaltres, les ciutats - Revista Per la Pau","isPartOf":{"@id":"https:\/\/www.icip.cat\/perlapau\/#website"},"primaryImageOfPage":{"@id":"https:\/\/www.icip.cat\/perlapau\/article\/nosaltres-les-ciutats\/#primaryimage"},"image":{"@id":"https:\/\/www.icip.cat\/perlapau\/article\/nosaltres-les-ciutats\/#primaryimage"},"thumbnailUrl":"https:\/\/www.icip.cat\/perlapau\/wp-content\/uploads\/2022\/04\/tribuna_1_2560-12.jpg","datePublished":"2022-04-07T11:21:30+00:00","inLanguage":"ca","potentialAction":[{"@type":"ReadAction","target":["https:\/\/www.icip.cat\/perlapau\/article\/nosaltres-les-ciutats\/"]}]},{"@type":"ImageObject","inLanguage":"ca","@id":"https:\/\/www.icip.cat\/perlapau\/article\/nosaltres-les-ciutats\/#primaryimage","url":"https:\/\/www.icip.cat\/perlapau\/wp-content\/uploads\/2022\/04\/tribuna_1_2560-12.jpg","contentUrl":"https:\/\/www.icip.cat\/perlapau\/wp-content\/uploads\/2022\/04\/tribuna_1_2560-12.jpg","width":1152,"height":1600},{"@type":"WebSite","@id":"https:\/\/www.icip.cat\/perlapau\/#website","url":"https:\/\/www.icip.cat\/perlapau\/","name":"Revista Per la Pau","description":"La revista de l&#039;Institut Catal\u00e0 Internacional per la Pau","publisher":{"@id":"https:\/\/www.icip.cat\/perlapau\/#organization"},"potentialAction":[{"@type":"SearchAction","target":{"@type":"EntryPoint","urlTemplate":"https:\/\/www.icip.cat\/perlapau\/?s={search_term_string}"},"query-input":{"@type":"PropertyValueSpecification","valueRequired":true,"valueName":"search_term_string"}}],"inLanguage":"ca"},{"@type":"Organization","@id":"https:\/\/www.icip.cat\/perlapau\/#organization","name":"Revista Per la Pau","url":"https:\/\/www.icip.cat\/perlapau\/","logo":{"@type":"ImageObject","inLanguage":"ca","@id":"https:\/\/www.icip.cat\/perlapau\/#\/schema\/logo\/image\/","url":"https:\/\/www.icip.cat\/perlapau\/wp-content\/uploads\/2023\/04\/ICIP_logo.jpg","contentUrl":"https:\/\/www.icip.cat\/perlapau\/wp-content\/uploads\/2023\/04\/ICIP_logo.jpg","width":1025,"height":1024,"caption":"Revista Per la Pau"},"image":{"@id":"https:\/\/www.icip.cat\/perlapau\/#\/schema\/logo\/image\/"}}]}},"_links":{"self":[{"href":"https:\/\/www.icip.cat\/perlapau\/wp-json\/wp\/v2\/article\/6756","targetHints":{"allow":["GET"]}}],"collection":[{"href":"https:\/\/www.icip.cat\/perlapau\/wp-json\/wp\/v2\/article"}],"about":[{"href":"https:\/\/www.icip.cat\/perlapau\/wp-json\/wp\/v2\/types\/article"}],"wp:featuredmedia":[{"embeddable":true,"href":"https:\/\/www.icip.cat\/perlapau\/wp-json\/wp\/v2\/media\/6807"}],"wp:attachment":[{"href":"https:\/\/www.icip.cat\/perlapau\/wp-json\/wp\/v2\/media?parent=6756"}],"wp:term":[{"taxonomy":"category","embeddable":true,"href":"https:\/\/www.icip.cat\/perlapau\/wp-json\/wp\/v2\/categories?post=6756"}],"curies":[{"name":"wp","href":"https:\/\/api.w.org\/{rel}","templated":true}]}}