{"id":6900,"date":"2022-04-07T11:22:03","date_gmt":"2022-04-07T11:22:03","guid":{"rendered":"https:\/\/www.icip.cat\/perlapau\/issue\/%issue_post%\/article\/una-fi-possible-una-fi-necessaria-una-fi-inevitable\/"},"modified":"2022-04-07T11:22:03","modified_gmt":"2022-04-07T11:22:03","slug":"una-fi-possible-una-fi-necessaria-una-fi-inevitable","status":"publish","type":"article","link":"https:\/\/www.icip.cat\/perlapau\/article\/una-fi-possible-una-fi-necessaria-una-fi-inevitable\/","title":{"rendered":"Una fi possible. Una fi necess\u00e0ria. Una fi inevitable"},"content":{"rendered":"\n<p>                <span id=\"square\"><\/span>                <span id=\"first-word\">Vam viure, \u00a0a casa nostra i arreu del m\u00f3n,<\/span> un 2017 intens, ple de not\u00edcies impactants i rellevants. Potser, per aix\u00f2, i pel poc relleu que sempre tenen els temes de pau i, encara m\u00e9s, quan s\u00f3n en clau positiva, ha passat desapercebut que, el 2017, ha estat un any molt important per a la llarga i dif\u00edcil \u2013per\u00f2 inevitable- tasca de construir i consolidar la pau. Quan, un dia en el futur proper, aconseguim un m\u00f3n sense armes nuclears, mirarem enrere i identificarem un any clau: 2017.            <\/p>\n<p> El 10 de desembre de 2017, exactament 20 anys despr\u00e9s que l\u2019activista nord-americana Jody Williams recoll\u00eds el Premi Nobel de la Pau per a la campanya contra les mines antipersona, dues altres dones, la sueca Beatrice Fihn i la supervivent (<em>\u2018hibakusha\u2019<\/em>) de la bomba d\u2019Hiroshima Setsuko Thurlow, recollien el Premi Nobel de la Pau per a la campanya contra les armes nuclears. <\/p>\n<p> <u>ICAN: una aspiraci\u00f3 antiga, una campanya jove<\/u> <\/p>\n<p> Els \u00e8xits no v\u00e9nen sols. La lluita contra les armes nuclears, ve de lluny. De molt lluny. Ja arran de les terribles explosions d\u2019Hiroshima i Nagasaki van sorgir cient\u00edfics, intel\u00b7lectuals, ciutadans i activistes que van reclamar al m\u00f3n que pos\u00e9s fi a la bogeria su\u00efcida del desenvolupament armament\u00edstic nuclear. <\/p>\n<p> Malgrat tot, ha fet falta la fi de la Guerra Freda, un nou context internacional, un nou cicle de mobilitzaci\u00f3 social i l\u2019experi\u00e8ncia organitzativa i comunicativa acumulada per les campanyes contra les mines i les bombes de dispersi\u00f3 per poder enfocar un nou plantejament: una campanya jove i nova (ICAN), nascuda l\u2019any 2007; una evid\u00e8ncia contrastada \u2013la preocupaci\u00f3 pel desastre humanitari que suposaria l\u2019explosi\u00f3, avui, d\u2019una arma nuclear\u2013 i una estrat\u00e8gia ben definida: aconseguir un tractat de prohibici\u00f3 de les armes nuclears. <\/p>\n<p>\t\t\t\t\t\t<cite class=\"cita-center\">                                                Quan un dia en el futur proper aconseguim un m\u00f3n sense armes nuclears, mirarem enrere i identificarem un any clau: 2017            <\/cite>\t\t\t\t\t\t\t\t\t<\/p>\n<p> Si la primera obligaci\u00f3 de tot govern \u00e9s protegir la seva ciutadania i promoure el seu benestar, \u00e9s absolutament injustificat mantenir l\u2019arsenal d\u2019armes nuclears. Efectivament, els Estats haurien de treballar per a la seva prohibici\u00f3 definitiva. I, de passada, estalviar-se els 100.000 milions de d\u00f2lars que, cada any, es perden pel simple manteniment dels arsenals existents. <\/p>\n<p> Aix\u00ed ho van entendre les Nacions Unides quan, despr\u00e9s de la Segona Guerra Mundial i les experi\u00e8ncies traum\u00e0tiques de les bombes d\u2019Hiroshima i Nagasaki, van fixar com una de les seves prioritats la fi de les armes nuclears. El Tractat de No Proliferaci\u00f3 Nuclear (TNP), del 1968, semblava molt t\u00edmidament apuntar cap a aquest objectiu. Per\u00f2 han passat quasi 50 anys i s\u2019ha demostrat que el TNP ha servit per consolidar \u2013i legitimar\u2013 l\u2019estatus de privilegi de les pot\u00e8ncies nuclears. Les pot\u00e8ncies nuclears, acollint-se al TNP, han posat el crit al cel quan algun altre pa\u00eds volia accedir a les armes nuclears. Per\u00f2 s\u2019han oblidat del TNP quan els tocava avan\u00e7ar cap al seu propi desarmament nuclear. <\/p>\n<p> <u>Un impacte inassumible: el de les armes nuclears<\/u> <\/p>\n<p> El m\u00f3n coneix, perqu\u00e8 va passar i est\u00e0 ben documentat, el tr\u00e0gic impacte humanitari de les bombes nuclears d\u2019Hiroshima i Nagasaki. Per\u00f2 el m\u00f3n, almenys bona part de la seva gent, ignora que, avui, tenim gaireb\u00e9 15.000 armes nuclears i que algunes pot\u00e8ncies nuclears (tant les oficials com les oficioses) treballen per a modernitzar i ampliar el seu arsenal. I tot el m\u00f3n desconeix, perqu\u00e8 per sort no ho ha provat, la terrible devastaci\u00f3 que suposaria l\u2019\u00fas d\u2019una arma nuclear avui, ja no diguem una guerra nuclear. \u00c9s clar, les armes nuclears d\u2019avui tenen una capacitat destructiva molt superior a les bombes nuclears que coneixem. Per aix\u00f2, nombroses organitzacions humanit\u00e0ries alerten que no disposar\u00edem de prou capacitat per a fer front als greus impactes que suposaria una explosi\u00f3 (volguda o per accident) d\u2019una arma nuclear. <\/p>\n<p>\t\t\t\t\t\t<cite class=\"cita-center\">                                                Si la primera obligaci\u00f3 de tot govern \u00e9s protegir la seva ciutadania i promoure el seu benestar, \u00e9s absolutament injustificat mantenir l\u2019arsenal d\u2019armes nuclears            <\/cite>            \t\t\t\t\t\t<\/p>\n<p> No parlem nom\u00e9s de nombroses morts, sin\u00f3 tamb\u00e9 de la contaminaci\u00f3 radioactiva, dels impactes negatius en el medi ambient (incrementant les amenaces clim\u00e0tiques que avui dia ja tenim obertes) i l\u2019agricultura (cosa que agreujaria les situacions de pobresa i malnutrici\u00f3 existents al m\u00f3n). <\/p>\n<p> L\u2019aposta de les pot\u00e8ncies nuclears per mantenir, per sobre de tot, l\u2019absurd privilegi de poder destruir la vida, posa en risc la salut i la superviv\u00e8ncia d\u2019aquest planeta. Per aix\u00f2, la ciutadania, la comunitat cient\u00edfica, molts pa\u00efsos, la campanya ICAN, la Creu Roja internacional, els Alcaldes per la Pau, etc. no podien restar impassibles. Per aix\u00f2 s\u2019han mobilitzat durant aquests darrers 10 anys en accions de den\u00fancia, jornades d\u2019an\u00e0lisi, informes cient\u00edfics, activitats de sensibilitzaci\u00f3, espais d\u2019incid\u00e8ncia o f\u00f2rums diplom\u00e0tics alertant de les greus conseq\u00fc\u00e8ncies humanit\u00e0ries de les armes nuclears i, en conseq\u00fc\u00e8ncia, reclamant la seva prohibici\u00f3. <\/p>\n<p> <u>Avan\u00e7ar quan no sembla possible<\/u> <\/p>\n<p> La campanya contra les armes nuclears \u00e9s de les dif\u00edcils. Guanyar la prohibici\u00f3 de les mines i les bombes de dispersi\u00f3 va costar molt: v\u00e8ncer in\u00e8rcies socials, superar interessos econ\u00f2mics, transformar raons d\u2019Estat. Per\u00f2 \u00e9s ben cert que eren armes que no eren centrals en les pol\u00edtiques de defensa dels pa\u00efsos que en disposaven. Aconseguir la prohibici\u00f3 de les armes m\u00e9s cruels i indiscriminades existents, les nuclears, \u00e9s un repte molt m\u00e9s enorme. Ha fet falta v\u00e8ncer moltes resist\u00e8ncies. Malgrat tot, el juliol de 2017, 122 pa\u00efsos aprovaven el Tractat de Prohibici\u00f3 de les Armes Nuclears i el setembre s\u2019obria el per\u00edode de signatures i ratificacions (avui, tenim 56 pa\u00efsos signants i 5 ratificacions). Calculem que, a finals del 2018, el Tractat tindr\u00e0 les suficients ratificacions (50) per a poder entrar en vigor. <\/p>\n<p>\t\t\t\t\t\t<cite class=\"cita-center\">                                                \u00c9s la primera passa, seriosa, que permet albirar un m\u00f3n sense armes nuclears i que descol\u00b7loca i incomoda les pot\u00e8ncies nuclears            <\/cite>                        <\/p>\n<p> Certament, falten les pot\u00e8ncies nuclears. Aix\u00f2 fa inviable o menyspreable l\u2019acord aconseguit? En absolut. \u00c9s la primera passa, seriosa, que permet albirar un m\u00f3n sense armes nuclears. I \u00e9s la primera passa, ferma i valenta, que descol\u00b7loca i incomoda les pot\u00e8ncies nuclears. Sempre que havien volgut no avan\u00e7ar, vetaven i frenaven qualsevol aven\u00e7. Ara, no han sabut ni han pogut evitar el naixement d\u2019aquest Tractat. Per primera vegada en la hist\u00f2ria de les armes nuclears, l\u2019esperan\u00e7a i la ra\u00f3 han pogut m\u00e9s que la por i la in\u00e8rcia. \u00a0 <\/p>\n<p> Tamb\u00e9, a casa nostra, hem pogut comprovar que les coses m\u00e9s dif\u00edcils es poden canviar. De totes les campanyes de desarmament i control d\u2019armes impulsades des de Catalunya i Espanya, aquesta semblava la m\u00e9s dif\u00edcil: la que tenia menys ress\u00f2, la que comptava amb menys seguiment, la que despertava menys inter\u00e8s. I, malgrat tot, i en la convulsa situaci\u00f3 pol\u00edtica actual, la comunitat cient\u00edfica, la ciutadania, l\u2019Ajuntament de Barcelona, el Parlament de Catalunya i el Congr\u00e9s de Diputats d\u2019Espanya han reclamat a l\u2019Estat espanyol que se sumi a al cam\u00ed del desarmament nuclear. De moment, el Govern de l\u2019Estat \u2013com tota la resta de pa\u00efsos membres de l\u2019OTAN i totes les pot\u00e8ncies nuclears\u2013 s\u2019han negat a sumar-se a l\u2019onada de canvi. Per\u00f2, avui, estan sols. I cal que la ciutadania els faci arribar un clam contundent i di\u00e0fan: un m\u00f3n segur no pot passar per la irresponsabilitat de mantenir un arsenal de destrucci\u00f3 com el de les armes nuclears. <\/p>\n<p> Perqu\u00e8 com va dir la directora d\u2019ICAN, Beatrice Fihn, a Oslo, aquest passat desembre: <em>\u201c<\/em>La fi \u00e9s inevitable. Per\u00f2 aquesta fi ser\u00e0 la de les armes nuclears o la nostra? Cal que triem una de les dues<em>\u201d<\/em>. <\/p>\n<p class=\"foto first-reference\"> <a href=\"https:\/\/www.flickr.com\/photos\/icanw\/31400774491\/in\/album-72157676237068801\/\" target=\"_blank\" rel=\"noopener\">\tFotografia\t<\/a>\t: International Campaign to Abolish Nuclear Weapons\t <\/p>\n<p class=\"gencat\">\u00a9 Generalitat de Catalunya<\/p>\n","protected":false},"featured_media":6951,"menu_order":8,"template":"","categories":[8],"class_list":["post-6900","article","type-article","status-publish","has-post-thumbnail","hentry","category-tribuna"],"acf":[],"yoast_head":"<!-- This site is optimized with the Yoast SEO plugin v25.6 - https:\/\/yoast.com\/wordpress\/plugins\/seo\/ -->\n<title>Una fi possible. Una fi necess\u00e0ria. Una fi inevitable - Revista Per la Pau<\/title>\n<meta name=\"robots\" content=\"index, follow, max-snippet:-1, max-image-preview:large, max-video-preview:-1\" \/>\n<link rel=\"canonical\" href=\"https:\/\/www.icip.cat\/perlapau\/article\/una-fi-possible-una-fi-necessaria-una-fi-inevitable\/\" \/>\n<meta property=\"og:locale\" content=\"ca_ES\" \/>\n<meta property=\"og:type\" content=\"article\" \/>\n<meta property=\"og:title\" content=\"Una fi possible. Una fi necess\u00e0ria. Una fi inevitable - Revista Per la Pau\" \/>\n<meta property=\"og:description\" content=\"Vam viure, \u00a0a casa nostra i arreu del m\u00f3n, un 2017 intens, ple de not\u00edcies impactants i rellevants. Potser, per aix\u00f2, i pel poc relleu que sempre tenen els temes de pau i, encara m\u00e9s, quan s\u00f3n en clau positiva, ha passat desapercebut que, el 2017, ha estat un any molt important per a la [&hellip;]\" \/>\n<meta property=\"og:url\" content=\"https:\/\/www.icip.cat\/perlapau\/article\/una-fi-possible-una-fi-necessaria-una-fi-inevitable\/\" \/>\n<meta property=\"og:site_name\" content=\"Revista Per la Pau\" \/>\n<meta property=\"og:image\" content=\"https:\/\/www.icip.cat\/perlapau\/wp-content\/uploads\/2022\/04\/tribuna_1_2560-14-518x720.jpg\" \/>\n\t<meta property=\"og:image:width\" content=\"518\" \/>\n\t<meta property=\"og:image:height\" content=\"720\" \/>\n\t<meta property=\"og:image:type\" content=\"image\/jpeg\" \/>\n<meta name=\"twitter:card\" content=\"summary_large_image\" \/>\n<meta name=\"twitter:label1\" content=\"Temps estimat de lectura\" \/>\n\t<meta name=\"twitter:data1\" content=\"7 minuts\" \/>\n<script type=\"application\/ld+json\" class=\"yoast-schema-graph\">{\"@context\":\"https:\/\/schema.org\",\"@graph\":[{\"@type\":\"WebPage\",\"@id\":\"https:\/\/www.icip.cat\/perlapau\/article\/una-fi-possible-una-fi-necessaria-una-fi-inevitable\/\",\"url\":\"https:\/\/www.icip.cat\/perlapau\/article\/una-fi-possible-una-fi-necessaria-una-fi-inevitable\/\",\"name\":\"Una fi possible. Una fi necess\u00e0ria. Una fi inevitable - Revista Per la Pau\",\"isPartOf\":{\"@id\":\"https:\/\/www.icip.cat\/perlapau\/#website\"},\"primaryImageOfPage\":{\"@id\":\"https:\/\/www.icip.cat\/perlapau\/article\/una-fi-possible-una-fi-necessaria-una-fi-inevitable\/#primaryimage\"},\"image\":{\"@id\":\"https:\/\/www.icip.cat\/perlapau\/article\/una-fi-possible-una-fi-necessaria-una-fi-inevitable\/#primaryimage\"},\"thumbnailUrl\":\"https:\/\/www.icip.cat\/perlapau\/wp-content\/uploads\/2022\/04\/tribuna_1_2560-14.jpg\",\"datePublished\":\"2022-04-07T11:22:03+00:00\",\"inLanguage\":\"ca\",\"potentialAction\":[{\"@type\":\"ReadAction\",\"target\":[\"https:\/\/www.icip.cat\/perlapau\/article\/una-fi-possible-una-fi-necessaria-una-fi-inevitable\/\"]}]},{\"@type\":\"ImageObject\",\"inLanguage\":\"ca\",\"@id\":\"https:\/\/www.icip.cat\/perlapau\/article\/una-fi-possible-una-fi-necessaria-una-fi-inevitable\/#primaryimage\",\"url\":\"https:\/\/www.icip.cat\/perlapau\/wp-content\/uploads\/2022\/04\/tribuna_1_2560-14.jpg\",\"contentUrl\":\"https:\/\/www.icip.cat\/perlapau\/wp-content\/uploads\/2022\/04\/tribuna_1_2560-14.jpg\",\"width\":1152,\"height\":1600},{\"@type\":\"WebSite\",\"@id\":\"https:\/\/www.icip.cat\/perlapau\/#website\",\"url\":\"https:\/\/www.icip.cat\/perlapau\/\",\"name\":\"Revista Per la Pau\",\"description\":\"La revista de l&#039;Institut Catal\u00e0 Internacional per la Pau\",\"publisher\":{\"@id\":\"https:\/\/www.icip.cat\/perlapau\/#organization\"},\"potentialAction\":[{\"@type\":\"SearchAction\",\"target\":{\"@type\":\"EntryPoint\",\"urlTemplate\":\"https:\/\/www.icip.cat\/perlapau\/?s={search_term_string}\"},\"query-input\":{\"@type\":\"PropertyValueSpecification\",\"valueRequired\":true,\"valueName\":\"search_term_string\"}}],\"inLanguage\":\"ca\"},{\"@type\":\"Organization\",\"@id\":\"https:\/\/www.icip.cat\/perlapau\/#organization\",\"name\":\"Revista Per la Pau\",\"url\":\"https:\/\/www.icip.cat\/perlapau\/\",\"logo\":{\"@type\":\"ImageObject\",\"inLanguage\":\"ca\",\"@id\":\"https:\/\/www.icip.cat\/perlapau\/#\/schema\/logo\/image\/\",\"url\":\"https:\/\/www.icip.cat\/perlapau\/wp-content\/uploads\/2023\/04\/ICIP_logo.jpg\",\"contentUrl\":\"https:\/\/www.icip.cat\/perlapau\/wp-content\/uploads\/2023\/04\/ICIP_logo.jpg\",\"width\":1025,\"height\":1024,\"caption\":\"Revista Per la Pau\"},\"image\":{\"@id\":\"https:\/\/www.icip.cat\/perlapau\/#\/schema\/logo\/image\/\"}}]}<\/script>\n<!-- \/ Yoast SEO plugin. -->","yoast_head_json":{"title":"Una fi possible. Una fi necess\u00e0ria. Una fi inevitable - Revista Per la Pau","robots":{"index":"index","follow":"follow","max-snippet":"max-snippet:-1","max-image-preview":"max-image-preview:large","max-video-preview":"max-video-preview:-1"},"canonical":"https:\/\/www.icip.cat\/perlapau\/article\/una-fi-possible-una-fi-necessaria-una-fi-inevitable\/","og_locale":"ca_ES","og_type":"article","og_title":"Una fi possible. Una fi necess\u00e0ria. Una fi inevitable - Revista Per la Pau","og_description":"Vam viure, \u00a0a casa nostra i arreu del m\u00f3n, un 2017 intens, ple de not\u00edcies impactants i rellevants. Potser, per aix\u00f2, i pel poc relleu que sempre tenen els temes de pau i, encara m\u00e9s, quan s\u00f3n en clau positiva, ha passat desapercebut que, el 2017, ha estat un any molt important per a la [&hellip;]","og_url":"https:\/\/www.icip.cat\/perlapau\/article\/una-fi-possible-una-fi-necessaria-una-fi-inevitable\/","og_site_name":"Revista Per la Pau","og_image":[{"width":518,"height":720,"url":"https:\/\/www.icip.cat\/perlapau\/wp-content\/uploads\/2022\/04\/tribuna_1_2560-14-518x720.jpg","type":"image\/jpeg"}],"twitter_card":"summary_large_image","twitter_misc":{"Temps estimat de lectura":"7 minuts"},"schema":{"@context":"https:\/\/schema.org","@graph":[{"@type":"WebPage","@id":"https:\/\/www.icip.cat\/perlapau\/article\/una-fi-possible-una-fi-necessaria-una-fi-inevitable\/","url":"https:\/\/www.icip.cat\/perlapau\/article\/una-fi-possible-una-fi-necessaria-una-fi-inevitable\/","name":"Una fi possible. Una fi necess\u00e0ria. Una fi inevitable - Revista Per la Pau","isPartOf":{"@id":"https:\/\/www.icip.cat\/perlapau\/#website"},"primaryImageOfPage":{"@id":"https:\/\/www.icip.cat\/perlapau\/article\/una-fi-possible-una-fi-necessaria-una-fi-inevitable\/#primaryimage"},"image":{"@id":"https:\/\/www.icip.cat\/perlapau\/article\/una-fi-possible-una-fi-necessaria-una-fi-inevitable\/#primaryimage"},"thumbnailUrl":"https:\/\/www.icip.cat\/perlapau\/wp-content\/uploads\/2022\/04\/tribuna_1_2560-14.jpg","datePublished":"2022-04-07T11:22:03+00:00","inLanguage":"ca","potentialAction":[{"@type":"ReadAction","target":["https:\/\/www.icip.cat\/perlapau\/article\/una-fi-possible-una-fi-necessaria-una-fi-inevitable\/"]}]},{"@type":"ImageObject","inLanguage":"ca","@id":"https:\/\/www.icip.cat\/perlapau\/article\/una-fi-possible-una-fi-necessaria-una-fi-inevitable\/#primaryimage","url":"https:\/\/www.icip.cat\/perlapau\/wp-content\/uploads\/2022\/04\/tribuna_1_2560-14.jpg","contentUrl":"https:\/\/www.icip.cat\/perlapau\/wp-content\/uploads\/2022\/04\/tribuna_1_2560-14.jpg","width":1152,"height":1600},{"@type":"WebSite","@id":"https:\/\/www.icip.cat\/perlapau\/#website","url":"https:\/\/www.icip.cat\/perlapau\/","name":"Revista Per la Pau","description":"La revista de l&#039;Institut Catal\u00e0 Internacional per la Pau","publisher":{"@id":"https:\/\/www.icip.cat\/perlapau\/#organization"},"potentialAction":[{"@type":"SearchAction","target":{"@type":"EntryPoint","urlTemplate":"https:\/\/www.icip.cat\/perlapau\/?s={search_term_string}"},"query-input":{"@type":"PropertyValueSpecification","valueRequired":true,"valueName":"search_term_string"}}],"inLanguage":"ca"},{"@type":"Organization","@id":"https:\/\/www.icip.cat\/perlapau\/#organization","name":"Revista Per la Pau","url":"https:\/\/www.icip.cat\/perlapau\/","logo":{"@type":"ImageObject","inLanguage":"ca","@id":"https:\/\/www.icip.cat\/perlapau\/#\/schema\/logo\/image\/","url":"https:\/\/www.icip.cat\/perlapau\/wp-content\/uploads\/2023\/04\/ICIP_logo.jpg","contentUrl":"https:\/\/www.icip.cat\/perlapau\/wp-content\/uploads\/2023\/04\/ICIP_logo.jpg","width":1025,"height":1024,"caption":"Revista Per la Pau"},"image":{"@id":"https:\/\/www.icip.cat\/perlapau\/#\/schema\/logo\/image\/"}}]}},"_links":{"self":[{"href":"https:\/\/www.icip.cat\/perlapau\/wp-json\/wp\/v2\/article\/6900","targetHints":{"allow":["GET"]}}],"collection":[{"href":"https:\/\/www.icip.cat\/perlapau\/wp-json\/wp\/v2\/article"}],"about":[{"href":"https:\/\/www.icip.cat\/perlapau\/wp-json\/wp\/v2\/types\/article"}],"wp:featuredmedia":[{"embeddable":true,"href":"https:\/\/www.icip.cat\/perlapau\/wp-json\/wp\/v2\/media\/6951"}],"wp:attachment":[{"href":"https:\/\/www.icip.cat\/perlapau\/wp-json\/wp\/v2\/media?parent=6900"}],"wp:term":[{"taxonomy":"category","embeddable":true,"href":"https:\/\/www.icip.cat\/perlapau\/wp-json\/wp\/v2\/categories?post=6900"}],"curies":[{"name":"wp","href":"https:\/\/api.w.org\/{rel}","templated":true}]}}