{"id":7033,"date":"2022-04-07T11:22:38","date_gmt":"2022-04-07T11:22:38","guid":{"rendered":"https:\/\/www.icip.cat\/perlapau\/issue\/%issue_post%\/article\/els-efectes-nocius-de-les-politiques-de-seguretat-antidroga-a-mexic\/"},"modified":"2022-04-07T11:22:38","modified_gmt":"2022-04-07T11:22:38","slug":"els-efectes-nocius-de-les-politiques-de-seguretat-antidroga-a-mexic","status":"publish","type":"article","link":"https:\/\/www.icip.cat\/perlapau\/article\/els-efectes-nocius-de-les-politiques-de-seguretat-antidroga-a-mexic\/","title":{"rendered":"Els efectes nocius de les pol\u00edtiques de seguretat antidroga a M\u00e8xic"},"content":{"rendered":"\n<p>                <span id=\"square\"><\/span>                <span id=\"first-word\">L\u2019estrat\u00e8gia de seguretat que va implementar M\u00e8xic<\/span> per combatre el cultiu, el tr\u00e0fic i la possessi\u00f3 de drogues basada en el r\u00e8gim internacional de control i fiscalitzaci\u00f3 de drogues de l\u2019Organitzaci\u00f3 de les Nacions Unides ha tingut efectes nocius en el gaudiment i exercici dels drets humans al pa\u00eds. L\u2019evid\u00e8ncia nacional i internacional mostra que aquestes pol\u00edtiques han resultat desproporcionades i no han tingut efecte en l\u2019eradicaci\u00f3 de la producci\u00f3, el comer\u00e7 o l\u2019\u00fas problem\u00e0tic de les drogues. Al contrari, les conseq\u00fc\u00e8ncies de les pol\u00edtiques prohibicionistes han estat profundament nocives.            <\/p>\n<p> D\u2019acord amb l\u2019Enquesta Nacional d\u2019Addiccions de 2011 i l\u2019Enquesta Nacional de Consum de Drogues, Alcohol i Tabac de 2016 i 2017, publicades pel Govern mexic\u00e0 sobre la prevalen\u00e7a de l\u2019\u00fas de drogues al pa\u00eds, no s\u2019han observat increments significatius en la proporci\u00f3 de persones que consumeixen drogues. Per contra, hi ha hagut un increment exponencial i cada vegada m\u00e9s dram\u00e0tic en el nombre de morts i homicidis intencionals relacionats amb la pol\u00edtica de seguretat de combat del narcotr\u00e0fic.  <\/p>\n<p> No nom\u00e9s hi ha cada vegada m\u00e9s organitzacions de drets humans de la societat civil que documentem la incid\u00e8ncia de la tortura, les desaparicions for\u00e7ades, les execucions i detencions arbitr\u00e0ries, i la restricci\u00f3 de llibertats fonamentals en el marc d\u2019una pol\u00edtica de seguretat de combat contra les drogues, sin\u00f3 que diversos organismes internacionals han donat compte dels impactes en els drets humans d\u2019aquesta pol\u00edtica. <\/p>\n<p> <b>El frac\u00e0s de la pol\u00edtica de drogues <\/b> <\/p>\n<p> A M\u00e8xic, els resultats del r\u00e8gim internacional de control i fiscalitzaci\u00f3 de drogues han estat devastadors. Des que el 2006 l\u2019expresident Felipe Calder\u00f3n va declarar una guerra frontal contra la delinq\u00fc\u00e8ncia organitzada per tal de \u201csalvar els nostres nens i joves de les urpes de les drogues i les addiccions\u201d, els \u00edndexs de viol\u00e8ncia, inseguretat i corrupci\u00f3 han augmentat de manera alarmant. <\/p>\n<p> D\u2019acord amb l\u2019informe de la Comissi\u00f3 Interamericana de Drets Humans (CIDH) <em>Situaci\u00f3n de los derechos humanos en M\u00e9xico,<\/em> publicat el 2 de mar\u00e7 de 2016, \u201cM\u00e8xic passa per una greu crisi de viol\u00e8ncia i de seguretat des de fa diversos anys.\u201d<a href=\"articles_centrals\/article_central_2\/#ref\"><sup>1<\/sup><\/a> Aquest informe destaca que durant el govern de Calder\u00f3n i l\u2019anomenada guerra contra el narcotr\u00e0fic, \u201cles greus situacions de viol\u00e8ncia van augmentar fins a assolir nivells alarmants, incloent la p\u00e8rdua de m\u00e9s de cent mil persones, milers de desaparicions i un context que ha provocat el despla\u00e7ament de milers de persones.\u201d<a href=\"articles_centrals\/article_central_2\/#ref\"><sup>2<\/sup><\/a> <\/p>\n<p>                        <cite class=\"cita-center\">                                                La corrupci\u00f3 i la impunitat en les estrat\u00e8gies de combat contra el crim organitzat han estat una constant a M\u00e8xic            <\/cite>                        <\/p>\n<p> La pol\u00edtica de seguretat utilitzada en el marc de la guerra contra el narcotr\u00e0fic va consistir en el desplegament de forces armades per exercir tasques de seguretat p\u00fablica sense cap tipus de control civil. Aquesta situaci\u00f3, com va documentar la Comissi\u00f3 Interamericana, \u201cha desencadenat encara m\u00e9s viol\u00e8ncia aix\u00ed com violacions greus dels drets humans en que s\u2019observa una falta de rendici\u00f3 de comptes conforme als est\u00e0ndards internacionals.\u201d<a href=\"articles_centrals\/article_central_2\/#ref\"><sup>3<\/sup><\/a> <\/p>\n<p> Igual que la CIDH, diversos mecanismes internacionals de drets humans han coincidit que la viol\u00e8ncia generada per la forta pres\u00e8ncia de forces militars a les regions del pa\u00eds amb m\u00e9s pres\u00e8ncia de crim organitzat ha ocasionat greus violacions dels drets humans. El Relator Especial de les Nacions Unides sobre execucions extrajudicials va documentar en la seva visita a M\u00e8xic el 2013 que l\u2019ingent desplegament de l\u2019ex\u00e8rcit per actuar contra els c\u00e0rtels de la droga havia acabat amb nombroses execucions extrajudicials en mans de les forces de seguretat, aix\u00ed com dels c\u00e0rtels \u201csovint sense cap tipus de rendici\u00f3 de comptes.\u201d<a href=\"articles_centrals\/article_central_2\/#ref\"><sup>4<\/sup><\/a> El Relator va observar amb preocupaci\u00f3 que es continuen produint incidents extremadament violents al pa\u00eds, en particular atemptats contra el dret a la vida, a un nivell intolerable. <\/p>\n<p> Segons la informaci\u00f3 proporcionada per les autoritats mexicanes al Relator Especial, durant l\u2019anterior administraci\u00f3 federal, de desembre de 2006 a novembre de 2012, es van cometre 102.696 homicidis intencionals. El Govern va recon\u00e8ixer que no pas menys de 70.000 d\u2019aquestes morts (gaireb\u00e9 el 70%) estaven relacionades amb el tr\u00e0fic de drogues.<a href=\"articles_centrals\/article_central_2\/#ref\"><sup>5<\/sup><\/a> <\/p>\n<p> D\u2019altra banda, el Relator Especial sobre la situaci\u00f3 de la tortura, despr\u00e9s de la seva visita a M\u00e8xic el 2014, va confirmar que des del desplegament d\u2019efectius militars el 2006 en el marc de la guerra contra el narcotr\u00e0fic, la Comissi\u00f3 Nacional de Drets Humans va registrar un augment de queixes per tortura i maltractaments; va informar d\u2019un total de 2.020 queixes el 2011, comparades amb una mitjana de 320 en els sis anys anteriors al 2007.<a href=\"articles_centrals\/article_central_2\/#ref\"><sup>6<\/sup><\/a> <\/p>\n<p>                        <cite class=\"cita-center\">                                                La viol\u00e8ncia generada per la forta pres\u00e8ncia de forces militars a les regions amb m\u00e9s pres\u00e8ncia de crim organitzat ha ocasionat greus violacions dels drets humans, com tortures i desaparicions for\u00e7ades            <\/cite>                        <\/p>\n<p> Una altra de les greus violacions dels drets humans que han generat les diverses formes de viol\u00e8ncia que han tingut lloc a M\u00e8xic els \u00faltims anys t\u00e9 a veure amb el despla\u00e7ament intern for\u00e7at. La viol\u00e8ncia generada per la fragmentaci\u00f3 i pugna de territoris pel crim organitzat ha fet que milers de persones s\u2019hagin vist for\u00e7ades a despla\u00e7ar-se internament. <\/p>\n<p> La corrupci\u00f3 i la impunitat en les estrat\u00e8gies de combat contra el crim organitzat han estat una constant a M\u00e8xic. D\u2019acord amb l\u2019Alt Comissionat de les Nacions Unides per als Drets Humans,<a href=\"articles_centrals\/article_central_2\/#ref\"><sup>7<\/sup><\/a> les enormes quantitats de diners que mobilitzen els grups del crim organitzat \u201cestan cooptant i corrompent institucions claus\u201d<a href=\"articles_centrals\/article_central_2\/#ref\"><sup>8<\/sup><\/a> al pa\u00eds. Aix\u00ed mateix, malgrat que l\u2019estrat\u00e8gia s\u2019ha centrat en la detenci\u00f3 d\u2019integrants del crim organitzat, no s\u2019han fet prou esfor\u00e7os per desmantellar la xarxa de corrupci\u00f3 que involucra el crim organitzat i agents de l\u2019Estat. <\/p>\n<p> <b>Falsos indicadors d\u2019\u00e8xit <\/b> <\/p>\n<p> La pol\u00edtica antidroga ha propiciat a m\u00e9s el desenvolupament de lleis i figures que es contraposen amb el proc\u00e9s adequat i les garanties judicials, la presumpci\u00f3 d\u2019innoc\u00e8ncia, el dret a una defensa adequada, i el dret a que la sanci\u00f3 sigui conforme amb la gravetat del delicte. De manera preocupant, les autoritats mexicanes han utilitzat com a indicadors d\u2019\u00e8xit de la seva pol\u00edtica, les hect\u00e0rees de rosella i marihuana eradicades, els laboratoris de coca\u00efna destru\u00efts, les persones detingudes, o la quantitat de drogues confiscades. Aquest tipus d\u2019indicadors transmeten una sensaci\u00f3 d\u2019efectivitat, no obstant no s\u2019indica si les t\u00e0ctiques que s\u2019han fet servir es tradueixen en aven\u00e7os reals cap a la consecuci\u00f3 de l\u2019objectiu principal, que \u00e9s la reducci\u00f3 de l\u2019\u00fas de drogues.  <\/p>\n<p> Per una banda, doncs, s\u2019implementen estrat\u00e8gies de seguretat per reduir l\u2019oferta i la demanda de drogues, sense comptar amb indicadors d\u2019impacte en el consum; i per altra banda, aquestes estrat\u00e8gies fan que les accions encaminades al combat del narcotr\u00e0fic resultin insostenibles a llarg termini ja que ignoren les fronteres nacionals i la capacitat operativa i diversificaci\u00f3 del crim organitzat. \u00c9s a dir, l\u2019eradicaci\u00f3 d\u2019una plantaci\u00f3 de rosella no n\u2019impedeix la sembra en una altra part del pa\u00eds; la detenci\u00f3 d\u2019un l\u00edder del crim organitzat no limita l\u2019operaci\u00f3 d\u2019un c\u00e0rtel, ni la fragmentaci\u00f3 d\u2019aquest n\u2019impedeix l\u2019aparici\u00f3 d\u2019un altre; o la confiscaci\u00f3 de drogues i identificaci\u00f3 de rutes de distribuci\u00f3 tampoc no limita l\u2019aparici\u00f3 de noves rutes i formes de transport. <\/p>\n<p> <b>La regulaci\u00f3 i no la guerra<\/b> <\/p>\n<p> Per poder emprendre un debat seri\u00f3s per al disseny de noves pol\u00edtiques p\u00fabliques que regulin l\u2019\u00fas de les drogues, cal comen\u00e7ar reconeixent el frac\u00e0s del model prohibicionista i de les pol\u00edtiques de seguretat encaminades al combat de la producci\u00f3, distribuci\u00f3 i \u00fas de drogues que s\u2019ha aplicat a M\u00e8xic. Necessitem nous indicadors per avaluar l\u2019\u00e8xit de les estrat\u00e8gies per reduir el consum de drogues. Les tones de drogues confiscades, el nombre de persones detingudes o les hect\u00e0rees de cultius eradicats no indiquen si es veu afectat el consum, ja que no hi ha registres metodol\u00f2gicament viables per calcular-ho amb certesa. <\/p>\n<p>                        <cite class=\"cita-center\">                                                \u00c9s urgent que l\u2019Estat mexic\u00e0 posi l\u2019accent en reformes institucionals a llarg termini i no en mesures pal\u00b7liatives de populisme punitiu            <\/cite>                                    <\/p>\n<p> Resulta necess\u00e0ria una reforma integral en mat\u00e8ria de pol\u00edtica de drogues, comen\u00e7ant amb la regulaci\u00f3 del cultiu i el mercat de c\u00e0nnabis i rosella, que inclogui un model de control governamental del mercat d\u2019ambdues plantes. La regulaci\u00f3 de la marihuana, com un primer pas per debilitar les pol\u00edtiques nocives de combat contra les drogues, permetria la generaci\u00f3 d\u2019informaci\u00f3 sobre la prevalen\u00e7a de consum d\u2019aquesta droga. A m\u00e9s, la seva despenalitzaci\u00f3 impactaria en la despressuritzaci\u00f3 del sistema penitenciari. <\/p>\n<p> Per poder desmantellar la xarxa de corrupci\u00f3 i impunitat del crim organitzat que ha generat tanta viol\u00e8ncia al pa\u00eds, resulta prioritari enfortir les institucions civils que lluiten contra el narcotr\u00e0fic. L\u2019\u00fas de les forces militars en lloc de la policia debilita i distorsiona les funcions de tots dos estaments. Per aix\u00f2, la reforma i l\u2019enfortiment de la just\u00edcia han d\u2019anar de la m\u00e0 d\u2019un enfortiment de les corporacions policials, ja que per combatre el narcotr\u00e0fic es necessita una for\u00e7a policial i un sistema judicial que funcionin.  <\/p>\n<p> La realitat de centenars i milers de v\u00edctimes de la guerra contra les drogues a M\u00e8xic no pot continuar sent invisible. Per aix\u00f2, \u00e9s urgent que l\u2019Estat mexic\u00e0 posi l\u2019accent en reformes institucionals de llarg termini, i no en mesures pal\u00b7liatives que es fonamenten en el populisme punitiu. <\/p>\n<p id=\"ref\" class=\"referencia first-reference\"> 1. Comissi\u00f3 Interamericana de Drets Humans (CIDH). S<em>ituaci\u00f3n de derechos humanos en M\u00e9xico<\/em>. OEA\/Ser.L\/V\/II.Doc.44\/15, 31 desembre 2015, p. 31. <\/p>\n<p id=\"ref\" class=\"referencia\">2. CIDH. <em>Situaci\u00f3n de derechos humanos en M\u00e9xico<\/em>, p.31. <\/p>\n<p id=\"ref\" class=\"referencia\">3. CIDH. <em>Situaci\u00f3n de derechos humanos en M\u00e9xico<\/em>, p.11. <\/p>\n<p id=\"ref\" class=\"referencia\">4. Informe del Relator Especial sobre les execucions extrajudicials, sum\u00e0ries o aribitr\u00e0ries, Christof Heyns, A\/HRC\/26\/36\/Add.1, 28 d\u2019abril de 2014, p. 5. <\/p>\n<p id=\"ref\" class=\"referencia\">5.Informe del Relator Especial sobre les execucions extrajudicials, sum\u00e0ries o arbitr\u00e0ries, p 5. <\/p>\n<p id=\"ref\" class=\"referencia\">6. Informe del Relator Especial sobre la tortura y altres tractes o penes cruels, inhumanes o degradants, Juan E. M\u00e9ndez, A\/HRC\/28\/68\/Add.3, 29 de desembre de 2014, p.6. <\/p>\n<p id=\"ref\" class=\"referencia\">7.Declaraci\u00f3 de l\u2019Alt Comissionat de l\u2019ONU per als Drets Humans Zeid Ra\u2019ad Al Hussein, en motiu de la visita a M\u00eaxic, 7 d\u2019octubre de 2015, p.3. <\/p>\n<p id=\"ref\" class=\"referencia\">8.Declaraci\u00f3 de l\u2019Alt Comissionat de l\u2019ONU per als Drets Humans Zeid Ra\u2019ad Al Hussein, p.3. <\/p>\n<p class=\"foto\"> \t<a href=\"https:\/\/www.flickr.com\/photos\/frecuenciaspopulares\/3534653592\/in\/photolist-6ogQ3g-dDeabv-3atM7S-6om2nj-e2daTq-2RzKX-4b9xEg-3fbXmZ-3fbXnv\" target=\"_blank\" rel=\"noopener\">Fotografia<\/a>\t: Segrestadors detinguts durant un enfrontament amb l\u2019ex\u00e8rcit i policia federal mexicana \/ Jes\u00fas Villaseca P\u00e9rez.\t <\/p>\n<p class=\"gencat\">\u00a9 Generalitat de Catalunya<\/p>\n","protected":false},"featured_media":7074,"menu_order":3,"template":"","categories":[6],"class_list":["post-7033","article","type-article","status-publish","has-post-thumbnail","hentry","category-articles-centrals"],"acf":[],"yoast_head":"<!-- This site is optimized with the Yoast SEO plugin v25.6 - https:\/\/yoast.com\/wordpress\/plugins\/seo\/ -->\n<title>Els efectes nocius de les pol\u00edtiques de seguretat antidroga a M\u00e8xic - Revista Per la Pau<\/title>\n<meta name=\"robots\" content=\"index, follow, max-snippet:-1, max-image-preview:large, max-video-preview:-1\" \/>\n<link rel=\"canonical\" href=\"https:\/\/www.icip.cat\/perlapau\/article\/els-efectes-nocius-de-les-politiques-de-seguretat-antidroga-a-mexic\/\" \/>\n<meta property=\"og:locale\" content=\"ca_ES\" \/>\n<meta property=\"og:type\" content=\"article\" \/>\n<meta property=\"og:title\" content=\"Els efectes nocius de les pol\u00edtiques de seguretat antidroga a M\u00e8xic - Revista Per la Pau\" \/>\n<meta property=\"og:description\" content=\"L\u2019estrat\u00e8gia de seguretat que va implementar M\u00e8xic per combatre el cultiu, el tr\u00e0fic i la possessi\u00f3 de drogues basada en el r\u00e8gim internacional de control i fiscalitzaci\u00f3 de drogues de l\u2019Organitzaci\u00f3 de les Nacions Unides ha tingut efectes nocius en el gaudiment i exercici dels drets humans al pa\u00eds. L\u2019evid\u00e8ncia nacional i internacional mostra que [&hellip;]\" \/>\n<meta property=\"og:url\" content=\"https:\/\/www.icip.cat\/perlapau\/article\/els-efectes-nocius-de-les-politiques-de-seguretat-antidroga-a-mexic\/\" \/>\n<meta property=\"og:site_name\" content=\"Revista Per la Pau\" \/>\n<meta property=\"og:image\" content=\"https:\/\/www.icip.cat\/perlapau\/wp-content\/uploads\/2022\/04\/article_central_2_2560-16-518x720.jpg\" \/>\n\t<meta property=\"og:image:width\" content=\"518\" \/>\n\t<meta property=\"og:image:height\" content=\"720\" \/>\n\t<meta property=\"og:image:type\" content=\"image\/jpeg\" \/>\n<meta name=\"twitter:card\" content=\"summary_large_image\" \/>\n<meta name=\"twitter:label1\" content=\"Temps estimat de lectura\" \/>\n\t<meta name=\"twitter:data1\" content=\"9 minuts\" \/>\n<script type=\"application\/ld+json\" class=\"yoast-schema-graph\">{\"@context\":\"https:\/\/schema.org\",\"@graph\":[{\"@type\":\"WebPage\",\"@id\":\"https:\/\/www.icip.cat\/perlapau\/article\/els-efectes-nocius-de-les-politiques-de-seguretat-antidroga-a-mexic\/\",\"url\":\"https:\/\/www.icip.cat\/perlapau\/article\/els-efectes-nocius-de-les-politiques-de-seguretat-antidroga-a-mexic\/\",\"name\":\"Els efectes nocius de les pol\u00edtiques de seguretat antidroga a M\u00e8xic - Revista Per la Pau\",\"isPartOf\":{\"@id\":\"https:\/\/www.icip.cat\/perlapau\/#website\"},\"primaryImageOfPage\":{\"@id\":\"https:\/\/www.icip.cat\/perlapau\/article\/els-efectes-nocius-de-les-politiques-de-seguretat-antidroga-a-mexic\/#primaryimage\"},\"image\":{\"@id\":\"https:\/\/www.icip.cat\/perlapau\/article\/els-efectes-nocius-de-les-politiques-de-seguretat-antidroga-a-mexic\/#primaryimage\"},\"thumbnailUrl\":\"https:\/\/www.icip.cat\/perlapau\/wp-content\/uploads\/2022\/04\/article_central_2_2560-16.jpg\",\"datePublished\":\"2022-04-07T11:22:38+00:00\",\"inLanguage\":\"ca\",\"potentialAction\":[{\"@type\":\"ReadAction\",\"target\":[\"https:\/\/www.icip.cat\/perlapau\/article\/els-efectes-nocius-de-les-politiques-de-seguretat-antidroga-a-mexic\/\"]}]},{\"@type\":\"ImageObject\",\"inLanguage\":\"ca\",\"@id\":\"https:\/\/www.icip.cat\/perlapau\/article\/els-efectes-nocius-de-les-politiques-de-seguretat-antidroga-a-mexic\/#primaryimage\",\"url\":\"https:\/\/www.icip.cat\/perlapau\/wp-content\/uploads\/2022\/04\/article_central_2_2560-16.jpg\",\"contentUrl\":\"https:\/\/www.icip.cat\/perlapau\/wp-content\/uploads\/2022\/04\/article_central_2_2560-16.jpg\",\"width\":1152,\"height\":1600},{\"@type\":\"WebSite\",\"@id\":\"https:\/\/www.icip.cat\/perlapau\/#website\",\"url\":\"https:\/\/www.icip.cat\/perlapau\/\",\"name\":\"Revista Per la Pau\",\"description\":\"La revista de l&#039;Institut Catal\u00e0 Internacional per la Pau\",\"publisher\":{\"@id\":\"https:\/\/www.icip.cat\/perlapau\/#organization\"},\"potentialAction\":[{\"@type\":\"SearchAction\",\"target\":{\"@type\":\"EntryPoint\",\"urlTemplate\":\"https:\/\/www.icip.cat\/perlapau\/?s={search_term_string}\"},\"query-input\":{\"@type\":\"PropertyValueSpecification\",\"valueRequired\":true,\"valueName\":\"search_term_string\"}}],\"inLanguage\":\"ca\"},{\"@type\":\"Organization\",\"@id\":\"https:\/\/www.icip.cat\/perlapau\/#organization\",\"name\":\"Revista Per la Pau\",\"url\":\"https:\/\/www.icip.cat\/perlapau\/\",\"logo\":{\"@type\":\"ImageObject\",\"inLanguage\":\"ca\",\"@id\":\"https:\/\/www.icip.cat\/perlapau\/#\/schema\/logo\/image\/\",\"url\":\"https:\/\/www.icip.cat\/perlapau\/wp-content\/uploads\/2023\/04\/ICIP_logo.jpg\",\"contentUrl\":\"https:\/\/www.icip.cat\/perlapau\/wp-content\/uploads\/2023\/04\/ICIP_logo.jpg\",\"width\":1025,\"height\":1024,\"caption\":\"Revista Per la Pau\"},\"image\":{\"@id\":\"https:\/\/www.icip.cat\/perlapau\/#\/schema\/logo\/image\/\"}}]}<\/script>\n<!-- \/ Yoast SEO plugin. -->","yoast_head_json":{"title":"Els efectes nocius de les pol\u00edtiques de seguretat antidroga a M\u00e8xic - Revista Per la Pau","robots":{"index":"index","follow":"follow","max-snippet":"max-snippet:-1","max-image-preview":"max-image-preview:large","max-video-preview":"max-video-preview:-1"},"canonical":"https:\/\/www.icip.cat\/perlapau\/article\/els-efectes-nocius-de-les-politiques-de-seguretat-antidroga-a-mexic\/","og_locale":"ca_ES","og_type":"article","og_title":"Els efectes nocius de les pol\u00edtiques de seguretat antidroga a M\u00e8xic - Revista Per la Pau","og_description":"L\u2019estrat\u00e8gia de seguretat que va implementar M\u00e8xic per combatre el cultiu, el tr\u00e0fic i la possessi\u00f3 de drogues basada en el r\u00e8gim internacional de control i fiscalitzaci\u00f3 de drogues de l\u2019Organitzaci\u00f3 de les Nacions Unides ha tingut efectes nocius en el gaudiment i exercici dels drets humans al pa\u00eds. L\u2019evid\u00e8ncia nacional i internacional mostra que [&hellip;]","og_url":"https:\/\/www.icip.cat\/perlapau\/article\/els-efectes-nocius-de-les-politiques-de-seguretat-antidroga-a-mexic\/","og_site_name":"Revista Per la Pau","og_image":[{"width":518,"height":720,"url":"https:\/\/www.icip.cat\/perlapau\/wp-content\/uploads\/2022\/04\/article_central_2_2560-16-518x720.jpg","type":"image\/jpeg"}],"twitter_card":"summary_large_image","twitter_misc":{"Temps estimat de lectura":"9 minuts"},"schema":{"@context":"https:\/\/schema.org","@graph":[{"@type":"WebPage","@id":"https:\/\/www.icip.cat\/perlapau\/article\/els-efectes-nocius-de-les-politiques-de-seguretat-antidroga-a-mexic\/","url":"https:\/\/www.icip.cat\/perlapau\/article\/els-efectes-nocius-de-les-politiques-de-seguretat-antidroga-a-mexic\/","name":"Els efectes nocius de les pol\u00edtiques de seguretat antidroga a M\u00e8xic - Revista Per la Pau","isPartOf":{"@id":"https:\/\/www.icip.cat\/perlapau\/#website"},"primaryImageOfPage":{"@id":"https:\/\/www.icip.cat\/perlapau\/article\/els-efectes-nocius-de-les-politiques-de-seguretat-antidroga-a-mexic\/#primaryimage"},"image":{"@id":"https:\/\/www.icip.cat\/perlapau\/article\/els-efectes-nocius-de-les-politiques-de-seguretat-antidroga-a-mexic\/#primaryimage"},"thumbnailUrl":"https:\/\/www.icip.cat\/perlapau\/wp-content\/uploads\/2022\/04\/article_central_2_2560-16.jpg","datePublished":"2022-04-07T11:22:38+00:00","inLanguage":"ca","potentialAction":[{"@type":"ReadAction","target":["https:\/\/www.icip.cat\/perlapau\/article\/els-efectes-nocius-de-les-politiques-de-seguretat-antidroga-a-mexic\/"]}]},{"@type":"ImageObject","inLanguage":"ca","@id":"https:\/\/www.icip.cat\/perlapau\/article\/els-efectes-nocius-de-les-politiques-de-seguretat-antidroga-a-mexic\/#primaryimage","url":"https:\/\/www.icip.cat\/perlapau\/wp-content\/uploads\/2022\/04\/article_central_2_2560-16.jpg","contentUrl":"https:\/\/www.icip.cat\/perlapau\/wp-content\/uploads\/2022\/04\/article_central_2_2560-16.jpg","width":1152,"height":1600},{"@type":"WebSite","@id":"https:\/\/www.icip.cat\/perlapau\/#website","url":"https:\/\/www.icip.cat\/perlapau\/","name":"Revista Per la Pau","description":"La revista de l&#039;Institut Catal\u00e0 Internacional per la Pau","publisher":{"@id":"https:\/\/www.icip.cat\/perlapau\/#organization"},"potentialAction":[{"@type":"SearchAction","target":{"@type":"EntryPoint","urlTemplate":"https:\/\/www.icip.cat\/perlapau\/?s={search_term_string}"},"query-input":{"@type":"PropertyValueSpecification","valueRequired":true,"valueName":"search_term_string"}}],"inLanguage":"ca"},{"@type":"Organization","@id":"https:\/\/www.icip.cat\/perlapau\/#organization","name":"Revista Per la Pau","url":"https:\/\/www.icip.cat\/perlapau\/","logo":{"@type":"ImageObject","inLanguage":"ca","@id":"https:\/\/www.icip.cat\/perlapau\/#\/schema\/logo\/image\/","url":"https:\/\/www.icip.cat\/perlapau\/wp-content\/uploads\/2023\/04\/ICIP_logo.jpg","contentUrl":"https:\/\/www.icip.cat\/perlapau\/wp-content\/uploads\/2023\/04\/ICIP_logo.jpg","width":1025,"height":1024,"caption":"Revista Per la Pau"},"image":{"@id":"https:\/\/www.icip.cat\/perlapau\/#\/schema\/logo\/image\/"}}]}},"_links":{"self":[{"href":"https:\/\/www.icip.cat\/perlapau\/wp-json\/wp\/v2\/article\/7033","targetHints":{"allow":["GET"]}}],"collection":[{"href":"https:\/\/www.icip.cat\/perlapau\/wp-json\/wp\/v2\/article"}],"about":[{"href":"https:\/\/www.icip.cat\/perlapau\/wp-json\/wp\/v2\/types\/article"}],"wp:featuredmedia":[{"embeddable":true,"href":"https:\/\/www.icip.cat\/perlapau\/wp-json\/wp\/v2\/media\/7074"}],"wp:attachment":[{"href":"https:\/\/www.icip.cat\/perlapau\/wp-json\/wp\/v2\/media?parent=7033"}],"wp:term":[{"taxonomy":"category","embeddable":true,"href":"https:\/\/www.icip.cat\/perlapau\/wp-json\/wp\/v2\/categories?post=7033"}],"curies":[{"name":"wp","href":"https:\/\/api.w.org\/{rel}","templated":true}]}}