{"id":7321,"date":"2022-04-07T11:24:02","date_gmt":"2022-04-07T11:24:02","guid":{"rendered":"https:\/\/www.icip.cat\/perlapau\/issue\/%issue_post%\/article\/materials-i-recursos-dinteres-recomanats-per-licip-21\/"},"modified":"2022-04-07T11:24:02","modified_gmt":"2022-04-07T11:24:02","slug":"materials-i-recursos-dinteres-recomanats-per-licip-21","status":"publish","type":"article","link":"https:\/\/www.icip.cat\/perlapau\/article\/materials-i-recursos-dinteres-recomanats-per-licip-21\/","title":{"rendered":"Materials i recursos d\u2019inter\u00e8s recomanats per l\u2019ICIP"},"content":{"rendered":"\n<p class=\"recomendation\" id=\"reco_1\">            \t            \t<b>\t            \tLlibre<br \/>\t\t\t\t\t<span><em>The Ethics of Care: A Feminist Approach to Human Security<\/em>, de Fiona Robinson<\/span>            \t<\/b>            <\/p>\n<p>El <a href=\"https:\/\/www.researchgate.net\/publication\/287577511_The_Ethics_of_Care_A_Feminist_Approach_to_Human_Security\">llibre de Robinson<\/a> \u00e9s una de les contribucions m\u00e9s importants a la literatura sobre seguretat humana, d\u2019una banda, i a l\u2019\u00e8tica feminista de la cura, de l\u2019altra. <\/p>\n<p>Adopta un enfocament \u00fanic, utilitzant una lent feminista per defensar la necessitat d\u2019incloure el g\u00e8nere i la cura com a eixos vertebradors en l\u2019abordatge de la seguretat. La seva an\u00e0lisi, tant en termes \u00e8tics com pr\u00e0ctics, proporciona un punt de partida per comprendre i abordar les condicions materials, emocionals i psicol\u00f2giques que creen inseguretat a les persones. Tamb\u00e9 explora les implicacions pr\u00e0ctiques de les relacions de cura en diversos contextos: el treball de les dones en l\u2019economia global, la intervenci\u00f3 humanit\u00e0ria i la construcci\u00f3 de pau, l\u2019assist\u00e8ncia sanit\u00e0ria o l\u2019atenci\u00f3 als infants.<\/p>\n<p>Aquest estudi cr\u00edtic, te\u00f2ricament innovador i rellevant per a l\u2019elaboraci\u00f3 de pol\u00edtiques p\u00fabliques, demostra la necessitat de capgirar el paradigma de seguretat existent, el qual refor\u00e7a els obstacles i les desigualtats en relaci\u00f3 a la prestaci\u00f3 equitativa i adequada d\u2019atenci\u00f3, cura i assist\u00e8ncia a tot el m\u00f3n.<\/p>\n<p class=\"recomendation\" id=\"reco_2\">                                <b>                    Llibre<br \/>                    <span><em>Routledge Handbook of Gender and Security, de Caron Gentry<\/em>, Laura Shepherd i Laura Sjoberg<\/span>                <\/b>            <\/p>\n<p>Aquest <a href=\"https:\/\/www.routledge.com\/Routledge-Handbook-of-Gender-and-Security\/Gentry-Shepherd-Sjoberg\/p\/book\/9780367580544\">manual<\/a>, editat per tres reconegudes acad\u00e8miques i te\u00f2riques sobre seguretat feminista com s\u00f3n Caron Gentry, Laura Shepherd i Laura Sjoberg, proporciona una visi\u00f3 completa dels estudis de g\u00e8nere i seguretat en la pol\u00edtica global. El volum es basa en l\u2019argument central que el g\u00e8nere \u00e9s conceptualment necessari per pensar en q\u00fcestions clau sobre seguretat i, alhora, resulta important per considerar noves pol\u00edtiques amb enfocaments m\u00e9s oberts i inclusius. Les contribucions d\u2019aquest volum analitzen aspectes dels estudis de g\u00e8nere i seguretat a trav\u00e9s de prismes que entrellacen els diversos feminismes, les implicacions pol\u00edtiques que comporten i les aportacions te\u00f2riques a la seguretat m\u00e9s recents. <\/p>\n<p>M\u00e9s enll\u00e0 de les aportacions teoritzadores dels articles, el llibre tamb\u00e9 mostra de quina manera la pr\u00e0ctica pol\u00edtica i la teoria funcionen juntes (quan ho fan). L\u2019\u00faltima secci\u00f3 est\u00e0 dedicada a les institucions que treballen els conceptes de g\u00e8nere i seguretat arreu del m\u00f3n.<\/p>\n<p>Com tots els manuals de Routledge, tant per l\u2019abast tem\u00e0tic com pel llistat de contribucions, aquest volum \u00e9s una valuosa eina de refer\u00e8ncia per a estudiants d\u2019estudis de seguretat i relacions internacionals en general.<\/p>\n<p class=\"recomendation\" id=\"reco_3\">                                <b>                    Informe<br \/>                    <span><em>A Feminist Foreign Policy for the European Union, Centre for Feminist Foreign Policy <\/em><\/span>                <\/b>            <\/p>\n<p>L\u2019objectiu d\u2019aquest <a href=\"https:\/\/static1.squarespace.com\/static\/57cd7cd9d482e9784e4ccc34\/t\/5ef48af0dbe71d7968ded22b\/1593084682210\/Feminist+Foreign+Policy+for+the+European+Union+-+Centre+for+Feminist+Foreign+Policy.pdf\"> estudi<\/a> \u00e9s posar sobre la taula i iniciar la discussi\u00f3 sobre una pol\u00edtica exterior feminista a la Uni\u00f3 Europea. En les seves diverses seccions, les autores Nina Bernarding i Kristina Lunz esbossen les oportunitats que es poden derivar d\u2019adoptar una pol\u00edtica d\u2019aquestes caracter\u00edstiques i ofereixen un estat de la q\u00fcesti\u00f3 de les pol\u00edtiques exteriors d\u2019arreu del m\u00f3n. Analitzen tamb\u00e9 les diverses narratives dominants al voltant del g\u00e8nere, de la igualtat de g\u00e8nere i de les iniciatives existents destinades a promoure-la dins de l\u2019acci\u00f3 exterior de la UE.<\/p>\n<p>Finalment, l\u2019informe suggereix prioritats i passos concrets destinats a avan\u00e7ar en un enfocament feminista, amb la ferma voluntat de contribuir al canvi de funcionament en les pol\u00edtiques exteriors. Entre d\u2019altres, es demana la representaci\u00f3 obligat\u00f2ria de les dones en la pol\u00edtica exterior i recomana augmentar els recursos financers i humans per fer-ho possible. Fa \u00e8mfasi en la necessitat d\u2019abordar i comprendre les experi\u00e8ncies de minories \u00e8tniques i sexuals i trencar la jerarquia dominada per homes en els \u00e0mbits de la pol\u00edtica exterior. <\/p>\n<p class=\"recomendation\" id=\"reco_4\">                                <b>                    Informe<br \/>                    <span><em>Seguridad feminista: Aportaciones conceptuales y desarrollo actual<\/em>, ICIP<\/span>                <\/b>            <\/p>\n<p>Aquest <a href=\"http:\/\/icip.gencat.cat\/web\/.content\/continguts\/publicacions\/documents_i_informes\/informes_2020-16.pdf\"> informe<\/a>, publicat per l\u2019ICIP i elaborat per Ana Villellas, Maria Villellas i Pamela Urrutia, investigadores de l\u2019Escola de Cultura de Pau, ofereix una perspectiva sobre els desenvolupaments i les principals contribucions dels estudis feministes de seguretat, atenent de forma particular el context d\u2019Am\u00e8rica Llatina.<\/p>\n<p>A partir d\u2019una revisi\u00f3 bibliogr\u00e0fica, es referencien nombroses aportacions conceptuals i publicacions recents que s\u00f3n especialment rellevants a l\u2019agenda de g\u00e8nere, pau i seguretat. El document posa de manifest la predominan\u00e7a de les refer\u00e8ncies anglosaxones a la bibliografia acad\u00e8mica sobre seguretat feminista i constata la necessitat de diversificar l\u2019abordatge te\u00f2ric i pr\u00e0ctic de la seguretat. Per aix\u00f2, les autores defensen la necess\u00e0ria documentaci\u00f3 i disseminaci\u00f3 de les m\u00faltiples experi\u00e8ncies pr\u00e0ctiques que es desenvolupen en diversos contextos de viol\u00e8ncia cr\u00f2nica. Alhora, destaquen la import\u00e0ncia d\u2019articular les den\u00fancies sobre violacions de drets humans, els enfocaments de construcci\u00f3 de pau i els plantejaments alternatius a la seguretat hegem\u00f2nica.<\/p>\n<p class=\"recomendation\" id=\"reco_5\">                                <b>                    Projecte<br \/>                    <span>Red Latinoamericana de Seguridad Incluyente y Sostenible<\/span>                <\/b>            <\/p>\n<p>La <a href=\"https:\/\/colombia.fes.de\/fes-seguridad\/red-latinoamericana-de-seguridad\"> <em>Red Latinoamericana de Seguridad Incluyente y Sostenible<\/em><\/a>, formada per persones expertes internacionals provinents dels \u00e0mbits de la pol\u00edtica, l\u2019acad\u00e8mia, la diplom\u00e0cia, el sector de la seguretat i les organitzacions de la societat civil, es va crear amb el prop\u00f2sit de debatre i buscar respostes comunes. <\/p>\n<p>A l\u2019Am\u00e8rica Llatina, la tend\u00e8ncia a militaritzar les pol\u00edtiques de seguretat p\u00fablica i a usar estrat\u00e8gies de m\u00e0 dura pot tenir un relatiu \u00e8xit conjuntural i generar r\u00e8dits electorals, per\u00f2 aquestes mesures fracassen en atendre les causes subjacents de la inseguretat, la inestabilitat i els desafiaments de la democr\u00e0cia. La xarxa treballa per modificar els paradigmes, conceptes i pol\u00edtiques, i passar a un concepte de seguretat m\u00e9s democr\u00e0tic, incloent i m\u00e9s lligat al desenvolupament.<\/p>\n<p>La Red Latinoamericana de Seguridad Incluyente y Sostenible neix sota el paraig\u00fces de la  Fundaci\u00f3 Friedrich-Ebert-Stiftung a Col\u00f2mbia (FESCOL), que busca promoure l\u2019an\u00e0lisi i el debat sobre pol\u00edtiques p\u00fabliques, donar suport a processos d\u2019aprenentatge i intercanvi amb experi\u00e8ncies internacionals i donar visibilitat i reconeixement als esfor\u00e7os en la construcci\u00f3 de pau.<\/p>\n<p class=\"recomendation\" id=\"reco_6\">                                <b>                    Cicles de di\u00e0legs<br \/>                    <span><em>Repensem la seguretat<\/em><\/span>                <\/b>            <\/p>\n<p>L\u2019ICIP va organitzar el 2020, en col\u00b7laboraci\u00f3 amb altres organitzacions, dos cicles de seminaris en l\u00ednia dedicats a la reflexi\u00f3 al voltant de la noci\u00f3 de seguretat i la seguretat feminista en particular.<\/p>\n<p>D\u2019una banda, el mes de maig passat l\u2019ICIP va proposar el cicle de webinars  <em>\u201c<\/em><a href=\"https:\/\/www.youtube.com\/playlist?app=desktop&amp;list=PLnRJUy9WU-3BNorbvUEaUzYum9Opo0e3p\">Repensem la seguretat en temps de COVID-19\u201d<\/a><em><\/em> amb l\u2019objectiu de reflexionar sobre la noci\u00f3 imperant de seguretat per part dels Estats per fer front a la pand\u00e8mia i definir estrat\u00e8gies a curt i llarg termini que apostin per pol\u00edtiques de seguretat pensades per defensar les persones. El cicle consta de tres sessions, en castell\u00e0, disponibles al canal de YouTube de l\u2019ICIP.<\/p>\n<p>D\u2019altra banda, el mes de novembre, l\u2019ICIP va organitzar el cicle <a href=\"https:\/\/www.youtube.com\/playlist?list=PLnRJUy9WU-3AykyVqFrtqIGweLCjKc6wq\"> \u201c20 anys de l\u2019Agenda de Dones, Pau i Seguretat\u201d<\/a> per tal de fer balan\u00e7 del compliment de la resoluci\u00f3 de Nacions Unides sobre Dones, Pau i Seguretat, aprovada l\u2019any 2000, i reflexionar sobre els reptes pendents per avan\u00e7ar en aquest \u00e0mbit. El cicle consta de tres sessions, en castell\u00e0 i angl\u00e8s, disponibles al canal de YouTube de l\u2019ICIP. <\/p>\n<p>Aquesta s\u00e8rie de di\u00e0legs va estar coorganitzada amb WILPF Espa\u00f1a, CEIPAZ i Alianza por la Solidaridad, amb el suport de l\u2019Escola de Cultura de Pau, el Centre Del\u00e0s d\u2019Estudis per la Pau, la Fundaci\u00f3n SIP i la Universitat de M\u00e0laga.<\/p>\n","protected":false},"featured_media":7374,"menu_order":9,"template":"","categories":[7],"class_list":["post-7321","article","type-article","status-publish","has-post-thumbnail","hentry","category-recomanem"],"acf":[],"yoast_head":"<!-- This site is optimized with the Yoast SEO plugin v25.6 - https:\/\/yoast.com\/wordpress\/plugins\/seo\/ -->\n<title>Materials i recursos d\u2019inter\u00e8s recomanats per l\u2019ICIP - Revista Per la Pau<\/title>\n<meta name=\"robots\" content=\"index, follow, max-snippet:-1, max-image-preview:large, max-video-preview:-1\" \/>\n<link rel=\"canonical\" href=\"https:\/\/www.icip.cat\/perlapau\/ca\/article\/materials-i-recursos-dinteres-recomanats-per-licip-21\/\" \/>\n<meta property=\"og:locale\" content=\"ca_ES\" \/>\n<meta property=\"og:type\" content=\"article\" \/>\n<meta property=\"og:title\" content=\"Materials i recursos d\u2019inter\u00e8s recomanats per l\u2019ICIP - Revista Per la Pau\" \/>\n<meta property=\"og:description\" content=\"Llibre The Ethics of Care: A Feminist Approach to Human Security, de Fiona Robinson El llibre de Robinson \u00e9s una de les contribucions m\u00e9s importants a la literatura sobre seguretat humana, d\u2019una banda, i a l\u2019\u00e8tica feminista de la cura, de l\u2019altra. Adopta un enfocament \u00fanic, utilitzant una lent feminista per defensar la necessitat d\u2019incloure [&hellip;]\" \/>\n<meta property=\"og:url\" content=\"https:\/\/www.icip.cat\/perlapau\/ca\/article\/materials-i-recursos-dinteres-recomanats-per-licip-21\/\" \/>\n<meta property=\"og:site_name\" content=\"Revista Per la Pau\" \/>\n<meta property=\"og:image\" content=\"https:\/\/www.icip.cat\/perlapau\/wp-content\/uploads\/2022\/04\/recomanem_2560-20.jpg\" \/>\n\t<meta property=\"og:image:width\" content=\"1152\" \/>\n\t<meta property=\"og:image:height\" content=\"1600\" \/>\n\t<meta property=\"og:image:type\" content=\"image\/jpeg\" \/>\n<meta name=\"twitter:card\" content=\"summary_large_image\" \/>\n<meta name=\"twitter:label1\" content=\"Temps estimat de lectura\" \/>\n\t<meta name=\"twitter:data1\" content=\"6 minuts\" \/>\n<script type=\"application\/ld+json\" class=\"yoast-schema-graph\">{\"@context\":\"https:\/\/schema.org\",\"@graph\":[{\"@type\":\"WebPage\",\"@id\":\"https:\/\/www.icip.cat\/perlapau\/ca\/article\/materials-i-recursos-dinteres-recomanats-per-licip-21\/\",\"url\":\"https:\/\/www.icip.cat\/perlapau\/ca\/article\/materials-i-recursos-dinteres-recomanats-per-licip-21\/\",\"name\":\"Materials i recursos d\u2019inter\u00e8s recomanats per l\u2019ICIP - Revista Per la Pau\",\"isPartOf\":{\"@id\":\"https:\/\/www.icip.cat\/perlapau\/#website\"},\"primaryImageOfPage\":{\"@id\":\"https:\/\/www.icip.cat\/perlapau\/ca\/article\/materials-i-recursos-dinteres-recomanats-per-licip-21\/#primaryimage\"},\"image\":{\"@id\":\"https:\/\/www.icip.cat\/perlapau\/ca\/article\/materials-i-recursos-dinteres-recomanats-per-licip-21\/#primaryimage\"},\"thumbnailUrl\":\"https:\/\/www.icip.cat\/perlapau\/wp-content\/uploads\/2022\/04\/recomanem_2560-20.jpg\",\"datePublished\":\"2022-04-07T11:24:02+00:00\",\"inLanguage\":\"ca\",\"potentialAction\":[{\"@type\":\"ReadAction\",\"target\":[\"https:\/\/www.icip.cat\/perlapau\/ca\/article\/materials-i-recursos-dinteres-recomanats-per-licip-21\/\"]}]},{\"@type\":\"ImageObject\",\"inLanguage\":\"ca\",\"@id\":\"https:\/\/www.icip.cat\/perlapau\/ca\/article\/materials-i-recursos-dinteres-recomanats-per-licip-21\/#primaryimage\",\"url\":\"https:\/\/www.icip.cat\/perlapau\/wp-content\/uploads\/2022\/04\/recomanem_2560-20.jpg\",\"contentUrl\":\"https:\/\/www.icip.cat\/perlapau\/wp-content\/uploads\/2022\/04\/recomanem_2560-20.jpg\",\"width\":1152,\"height\":1600},{\"@type\":\"WebSite\",\"@id\":\"https:\/\/www.icip.cat\/perlapau\/#website\",\"url\":\"https:\/\/www.icip.cat\/perlapau\/\",\"name\":\"Revista Per la Pau\",\"description\":\"La revista de l&#039;Institut Catal\u00e0 Internacional per la Pau\",\"publisher\":{\"@id\":\"https:\/\/www.icip.cat\/perlapau\/#organization\"},\"potentialAction\":[{\"@type\":\"SearchAction\",\"target\":{\"@type\":\"EntryPoint\",\"urlTemplate\":\"https:\/\/www.icip.cat\/perlapau\/?s={search_term_string}\"},\"query-input\":{\"@type\":\"PropertyValueSpecification\",\"valueRequired\":true,\"valueName\":\"search_term_string\"}}],\"inLanguage\":\"ca\"},{\"@type\":\"Organization\",\"@id\":\"https:\/\/www.icip.cat\/perlapau\/#organization\",\"name\":\"Revista Per la Pau\",\"url\":\"https:\/\/www.icip.cat\/perlapau\/\",\"logo\":{\"@type\":\"ImageObject\",\"inLanguage\":\"ca\",\"@id\":\"https:\/\/www.icip.cat\/perlapau\/#\/schema\/logo\/image\/\",\"url\":\"https:\/\/www.icip.cat\/perlapau\/wp-content\/uploads\/2023\/04\/ICIP_logo.jpg\",\"contentUrl\":\"https:\/\/www.icip.cat\/perlapau\/wp-content\/uploads\/2023\/04\/ICIP_logo.jpg\",\"width\":1025,\"height\":1024,\"caption\":\"Revista Per la Pau\"},\"image\":{\"@id\":\"https:\/\/www.icip.cat\/perlapau\/#\/schema\/logo\/image\/\"}}]}<\/script>\n<!-- \/ Yoast SEO plugin. -->","yoast_head_json":{"title":"Materials i recursos d\u2019inter\u00e8s recomanats per l\u2019ICIP - Revista Per la Pau","robots":{"index":"index","follow":"follow","max-snippet":"max-snippet:-1","max-image-preview":"max-image-preview:large","max-video-preview":"max-video-preview:-1"},"canonical":"https:\/\/www.icip.cat\/perlapau\/ca\/article\/materials-i-recursos-dinteres-recomanats-per-licip-21\/","og_locale":"ca_ES","og_type":"article","og_title":"Materials i recursos d\u2019inter\u00e8s recomanats per l\u2019ICIP - Revista Per la Pau","og_description":"Llibre The Ethics of Care: A Feminist Approach to Human Security, de Fiona Robinson El llibre de Robinson \u00e9s una de les contribucions m\u00e9s importants a la literatura sobre seguretat humana, d\u2019una banda, i a l\u2019\u00e8tica feminista de la cura, de l\u2019altra. Adopta un enfocament \u00fanic, utilitzant una lent feminista per defensar la necessitat d\u2019incloure [&hellip;]","og_url":"https:\/\/www.icip.cat\/perlapau\/ca\/article\/materials-i-recursos-dinteres-recomanats-per-licip-21\/","og_site_name":"Revista Per la Pau","og_image":[{"width":1152,"height":1600,"url":"https:\/\/www.icip.cat\/perlapau\/wp-content\/uploads\/2022\/04\/recomanem_2560-20.jpg","type":"image\/jpeg"}],"twitter_card":"summary_large_image","twitter_misc":{"Temps estimat de lectura":"6 minuts"},"schema":{"@context":"https:\/\/schema.org","@graph":[{"@type":"WebPage","@id":"https:\/\/www.icip.cat\/perlapau\/ca\/article\/materials-i-recursos-dinteres-recomanats-per-licip-21\/","url":"https:\/\/www.icip.cat\/perlapau\/ca\/article\/materials-i-recursos-dinteres-recomanats-per-licip-21\/","name":"Materials i recursos d\u2019inter\u00e8s recomanats per l\u2019ICIP - Revista Per la Pau","isPartOf":{"@id":"https:\/\/www.icip.cat\/perlapau\/#website"},"primaryImageOfPage":{"@id":"https:\/\/www.icip.cat\/perlapau\/ca\/article\/materials-i-recursos-dinteres-recomanats-per-licip-21\/#primaryimage"},"image":{"@id":"https:\/\/www.icip.cat\/perlapau\/ca\/article\/materials-i-recursos-dinteres-recomanats-per-licip-21\/#primaryimage"},"thumbnailUrl":"https:\/\/www.icip.cat\/perlapau\/wp-content\/uploads\/2022\/04\/recomanem_2560-20.jpg","datePublished":"2022-04-07T11:24:02+00:00","inLanguage":"ca","potentialAction":[{"@type":"ReadAction","target":["https:\/\/www.icip.cat\/perlapau\/ca\/article\/materials-i-recursos-dinteres-recomanats-per-licip-21\/"]}]},{"@type":"ImageObject","inLanguage":"ca","@id":"https:\/\/www.icip.cat\/perlapau\/ca\/article\/materials-i-recursos-dinteres-recomanats-per-licip-21\/#primaryimage","url":"https:\/\/www.icip.cat\/perlapau\/wp-content\/uploads\/2022\/04\/recomanem_2560-20.jpg","contentUrl":"https:\/\/www.icip.cat\/perlapau\/wp-content\/uploads\/2022\/04\/recomanem_2560-20.jpg","width":1152,"height":1600},{"@type":"WebSite","@id":"https:\/\/www.icip.cat\/perlapau\/#website","url":"https:\/\/www.icip.cat\/perlapau\/","name":"Revista Per la Pau","description":"La revista de l&#039;Institut Catal\u00e0 Internacional per la Pau","publisher":{"@id":"https:\/\/www.icip.cat\/perlapau\/#organization"},"potentialAction":[{"@type":"SearchAction","target":{"@type":"EntryPoint","urlTemplate":"https:\/\/www.icip.cat\/perlapau\/?s={search_term_string}"},"query-input":{"@type":"PropertyValueSpecification","valueRequired":true,"valueName":"search_term_string"}}],"inLanguage":"ca"},{"@type":"Organization","@id":"https:\/\/www.icip.cat\/perlapau\/#organization","name":"Revista Per la Pau","url":"https:\/\/www.icip.cat\/perlapau\/","logo":{"@type":"ImageObject","inLanguage":"ca","@id":"https:\/\/www.icip.cat\/perlapau\/#\/schema\/logo\/image\/","url":"https:\/\/www.icip.cat\/perlapau\/wp-content\/uploads\/2023\/04\/ICIP_logo.jpg","contentUrl":"https:\/\/www.icip.cat\/perlapau\/wp-content\/uploads\/2023\/04\/ICIP_logo.jpg","width":1025,"height":1024,"caption":"Revista Per la Pau"},"image":{"@id":"https:\/\/www.icip.cat\/perlapau\/#\/schema\/logo\/image\/"}}]}},"_links":{"self":[{"href":"https:\/\/www.icip.cat\/perlapau\/wp-json\/wp\/v2\/article\/7321","targetHints":{"allow":["GET"]}}],"collection":[{"href":"https:\/\/www.icip.cat\/perlapau\/wp-json\/wp\/v2\/article"}],"about":[{"href":"https:\/\/www.icip.cat\/perlapau\/wp-json\/wp\/v2\/types\/article"}],"wp:featuredmedia":[{"embeddable":true,"href":"https:\/\/www.icip.cat\/perlapau\/wp-json\/wp\/v2\/media\/7374"}],"wp:attachment":[{"href":"https:\/\/www.icip.cat\/perlapau\/wp-json\/wp\/v2\/media?parent=7321"}],"wp:term":[{"taxonomy":"category","embeddable":true,"href":"https:\/\/www.icip.cat\/perlapau\/wp-json\/wp\/v2\/categories?post=7321"}],"curies":[{"name":"wp","href":"https:\/\/api.w.org\/{rel}","templated":true}]}}